{"id":8301,"__str__":"Projeto de Emenda \u00e0 Loman n\u00ba 12 de 2017","metadata":{},"numero":12,"ano":2017,"numero_protocolo":null,"data_apresentacao":"2017-05-23","tipo_apresentacao":"E","data_publicacao":null,"numero_origem_externa":"","ano_origem_externa":null,"data_origem_externa":null,"apelido":"Direitos de isen\u00e7\u00e3o no transporte coletivo","dias_prazo":null,"data_fim_prazo":null,"em_tramitacao":false,"polemica":null,"objeto":"","complementar":null,"ementa":"Altera o artigo 261 da Lei Org\u00e2nica do Munc\u00edpio de Manaus, que trata sobre os direitos de isen\u00e7\u00e3o no transporte coletivo p\u00fablico.","indexacao":"Altera o artigo 261 da Lei Org\u00e2nica do Munc\u00edpio de Manaus, que trata sobre os direitos de isen\u00e7\u00e3o no transporte coletivo p\u00fablico.","observacao":"N\u00e3o deliberado.\r\nArquivado. Fim de Legislatura. Art. 151 do Regimento Interno.\r\nOBS: Projeto tramitou de forma f\u00edsica. Cadastramento feito posteriormente. N\u00e3o inclu\u00edda a movimenta\u00e7\u00e3o no campo \"Tramita\u00e7\u00e3o\".","resultado":"","texto_original":"http://sapl.cmm.am.gov.br/media/sapl/public/materialegislativa/2017/8301/pel_012_2017_texto.pdf","data_ultima_atualizacao":"2021-06-21T16:33:12.530142-04:00","ip":"191.189.2.32","ultima_edicao":"2021-06-21T16:33:12.527199-04:00","tipo":6,"regime_tramitacao":1,"tipo_origem_externa":null,"local_origem_externa":null,"user":101,"anexadas":[],"autores":[47]}