{"id":819,"__str__":"Projeto de Lei n\u00ba 131 de 2020","metadata":{},"numero":131,"ano":2020,"numero_protocolo":316,"data_apresentacao":"2020-05-04","tipo_apresentacao":"E","data_publicacao":null,"numero_origem_externa":"","ano_origem_externa":2020,"data_origem_externa":null,"apelido":"","dias_prazo":null,"data_fim_prazo":null,"em_tramitacao":false,"polemica":null,"objeto":"","complementar":null,"ementa":"\u201cDisp\u00f5e sobre isen\u00e7\u00e3o de pagamento de taxas Municipais aos permission\u00e1rios de t\u00e1xi, motot\u00e1xi, t\u00e1xi frete, transporte escolar, transporte do executivo e alternativo em decorr\u00eancia do novo Coronav\u00edrus (COVID-19)\u201d","indexacao":"isen\u00e7\u00e3o\r\npagamento\r\ntaxas\r\nmunicipais\r\npermission\u00e1rios\r\nt\u00e1xi\r\nmotot\u00e1xi\r\nt\u00e1xi- frete\r\ntransporte escolar\r\ntransporte executivo\r\ncoronav\u00edrus","observacao":"Delibera\u00e7\u00e3o: reuni\u00e3o plen\u00e1ria virtual de 11.05.2020.\r\nProcuradoria: contrario\r\n2\u00aa CCJR. Relator: Raulzinho. Aprovado o parecer contr\u00e1rio, pela maioria dos presentes, com voto contr\u00e1rio da ver. \u00aa Prof.\u00aa Jacqueline na reuni\u00e3o virtual do dia 02/06/2020. A Comiss\u00e3o decidiu fazer Indica\u00e7\u00e3o ao Prefeito.\r\nNo PLEN\u00c1RIO: Na reuni\u00e3o extraordin\u00e1ria virtual do dia 16.06.2020 foi lido o despacho do Presidente da C\u00e2mara determinando o arquivamento da mat\u00e9ria, tendo o autor o prazo de cinco dias \u00fateis para recorrer, com base no \u00a7 1.\u00ba do art. 38 do Regimento Interno. O prazo do autor ou do l\u00edder para recorrer encerra em 23.06.2020.\r\nREJEITADO (PELA 2\u00aa CCJR).","resultado":"","texto_original":"http://sapl.cmm.am.gov.br/media/sapl/public/materialegislativa/2020/819/pl_131_2020_bessa_lnt-levantamento-de-necessidades-de-treinamento-fq.c720-07_1.pdf","data_ultima_atualizacao":"2020-06-23T07:25:59.597980-04:00","ip":"177.158.252.145","ultima_edicao":"2020-06-16T08:02:12.779918-04:00","tipo":4,"regime_tramitacao":1,"tipo_origem_externa":4,"local_origem_externa":null,"user":95,"anexadas":[],"autores":[9]}