{"id":813,"__str__":"Projeto de Lei n\u00ba 129 de 2020","metadata":{},"numero":129,"ano":2020,"numero_protocolo":310,"data_apresentacao":"2020-05-04","tipo_apresentacao":"E","data_publicacao":null,"numero_origem_externa":"","ano_origem_externa":2020,"data_origem_externa":null,"apelido":"","dias_prazo":null,"data_fim_prazo":null,"em_tramitacao":false,"polemica":null,"objeto":"","complementar":null,"ementa":"Disp\u00f5e sobre a obrigatoriedade da comunica\u00e7\u00e3o de nascimentos sem identifica\u00e7\u00e3o de paternidade \u00e0 defensoria p\u00fablica.\r\n\r\nArt. 1\u00ba Os oficiais de registro civil das pessoas naturais do munic\u00edpio de Manaus, ficam obrigados a remeter, mensalmente, aos n\u00facleos da Defensoria P\u00fablica e do Minist\u00e9rio P\u00fablico existente em sua circunscri\u00e7\u00e3o, uma rela\u00e7\u00e3o por escrito dos registros de nascimentos lavrados em seus cart\u00f3rios em que n\u00e3o constem a identifica\u00e7\u00e3o de paternidade.","indexacao":"Disp\u00f5e\r\nobrigatoriedade\r\ncomunica\u00e7\u00e3o\r\nnascimentos\r\nsem identifica\u00e7\u00e3o\r\npaternidade\r\ndefens\u00f3ria p\u00fablica","observacao":"Delibera\u00e7\u00e3o: reuni\u00e3o plen\u00e1ria virtual de 11.05.2020.\r\nNa PROCURADORIA: (11.05.2020). A Procuradoria exarou parecer contr\u00e1rio \u00e0 mat\u00e9ria.\r\nNa 2\u00aa CCJR \u2013 RELATOR: Ver. Wallace Oliveira (13.05.2020). Na reuni\u00e3o virtual do dia 26.05.2020 foi concedido Vistas aos Vereador Dante. Retornou com parecer contr\u00e1rio. Na reuni\u00e3o do dia 16/06/2020, foi aprovado o parecer favor\u00e1vel, por maioria dos presentes, com votos contr\u00e1rios dos vereadores  Dante e Raulzinho.","resultado":"","texto_original":"http://sapl.cmm.am.gov.br/media/sapl/public/materialegislativa/2020/813/pl_129_2020_sassa_comunicacao_de_pater_1.pdf","data_ultima_atualizacao":"2023-06-27T09:48:36.317272-04:00","ip":"191.30.210.207","ultima_edicao":"2020-06-17T05:46:38.622941-04:00","tipo":4,"regime_tramitacao":1,"tipo_origem_externa":4,"local_origem_externa":null,"user":15,"anexadas":[],"autores":[16]}