{"id":7997,"__str__":"Projeto de Emenda \u00e0 Loman n\u00ba 8 de 2017","metadata":{},"numero":8,"ano":2017,"numero_protocolo":null,"data_apresentacao":"2017-04-18","tipo_apresentacao":"E","data_publicacao":null,"numero_origem_externa":"","ano_origem_externa":null,"data_origem_externa":null,"apelido":"Altera art, 257 da Lei Org\u00e2nica do Munic\u00edpio","dias_prazo":null,"data_fim_prazo":null,"em_tramitacao":false,"polemica":null,"objeto":"","complementar":null,"ementa":"Altera o artigo 257 da lei Org\u00e2nica do Munic\u00edpio de Manaus (Loman) que trata do passe estudantil nos transportes coletivos.","indexacao":"Altera o artigo 257 da lei Org\u00e2nica do Munic\u00edpio de Manaus (Loman) que trata do passe estudantil nos transportes coletivos.","observacao":"N\u00e3o deliberado.\r\nArquivado. Fim de Legislatura. Art. 151 do Regimento Interno.\r\nOBS: Projeto tramitou de forma f\u00edsica. Cadastramento feito posteriormente. N\u00e3o inclu\u00edda a movimenta\u00e7\u00e3o no campo \"Tramita\u00e7\u00e3o\".","resultado":"","texto_original":"http://sapl.cmm.am.gov.br/media/sapl/public/materialegislativa/2017/7997/pel_008_2017_texto.pdf","data_ultima_atualizacao":"2021-06-09T13:45:45.800683-04:00","ip":"191.189.18.58","ultima_edicao":"2021-06-09T13:26:26.878967-04:00","tipo":6,"regime_tramitacao":1,"tipo_origem_externa":null,"local_origem_externa":null,"user":101,"anexadas":[],"autores":[13]}