{"id":7996,"__str__":"Projeto de Emenda \u00e0 Loman n\u00ba 7 de 2017","metadata":{},"numero":7,"ano":2017,"numero_protocolo":null,"data_apresentacao":"2017-05-05","tipo_apresentacao":"E","data_publicacao":null,"numero_origem_externa":"","ano_origem_externa":null,"data_origem_externa":null,"apelido":"Altera par\u00e1grafo da Lei Org\u00e2nica do Munic\u00edpio","dias_prazo":null,"data_fim_prazo":null,"em_tramitacao":false,"polemica":null,"objeto":"","complementar":null,"ementa":"Altera a reda\u00e7\u00e3o do Par\u00e1grafo \u00fanico, do art. 252 da Lei Org\u00e2nica do Munic\u00edpio de Manaus.","indexacao":"Altera a reda\u00e7\u00e3o do Par\u00e1grafo \u00fanico, do art. 252 da Lei Org\u00e2nica do Munic\u00edpio de Manaus.","observacao":"N\u00e3o deliberado.\r\nArquivado. Fim de Legislatura. Art. 151 do Regimento Interno.\r\nOBS: Projeto tramitou de forma f\u00edsica. Cadastramento feito posteriormente. N\u00e3o inclu\u00edda a movimenta\u00e7\u00e3o no campo \"Tramita\u00e7\u00e3o\".","resultado":"","texto_original":"http://sapl.cmm.am.gov.br/media/sapl/public/materialegislativa/2017/7996/pel_007_2017_texto.pdf","data_ultima_atualizacao":"2021-06-09T13:24:10.191369-04:00","ip":"191.189.18.58","ultima_edicao":"2021-06-09T13:24:10.188627-04:00","tipo":6,"regime_tramitacao":1,"tipo_origem_externa":null,"local_origem_externa":null,"user":101,"anexadas":[],"autores":[47]}