{"id":7972,"__str__":"Consultar Requerimentos dos anos anteriores a 2023 n\u00ba 3245 de 2021","metadata":{},"numero":3245,"ano":2021,"numero_protocolo":4303,"data_apresentacao":"2021-06-09","tipo_apresentacao":"","data_publicacao":null,"numero_origem_externa":"","ano_origem_externa":null,"data_origem_externa":null,"apelido":"","dias_prazo":null,"data_fim_prazo":null,"em_tramitacao":false,"polemica":null,"objeto":"","complementar":null,"ementa":"Requer \u00e0 SEMINF, opera\u00e7\u00e3o tapa buraco na Rua Vandi\u00ea \u2013 Reden\u00e7\u00e3o.","indexacao":"","observacao":"","resultado":"","texto_original":"http://sapl.cmm.am.gov.br/media/sapl/public/materialegislativa/2021/7972/req_2021_-__operacao_tapa_buraco_na_rua_vandie__redencao_-_themis.pdf","data_ultima_atualizacao":"2021-11-08T09:16:36.636249-04:00","ip":"","ultima_edicao":null,"tipo":2,"regime_tramitacao":1,"tipo_origem_externa":null,"local_origem_externa":null,"user":null,"anexadas":[],"autores":[29]}