{"id":7928,"__str__":"Projeto de Lei n\u00ba 320 de 2021","metadata":{},"numero":320,"ano":2021,"numero_protocolo":4263,"data_apresentacao":"2021-06-08","tipo_apresentacao":"E","data_publicacao":null,"numero_origem_externa":"","ano_origem_externa":2021,"data_origem_externa":null,"apelido":"","dias_prazo":null,"data_fim_prazo":null,"em_tramitacao":false,"polemica":null,"objeto":"","complementar":null,"ementa":"INSTITUI a Semana da Prote\u00e7\u00e3o e bem-estar Animal no Munic\u00edpio de Manaus","indexacao":"INSTITUI a Semana da Prote\u00e7\u00e3o e bem-estar Animal no Munic\u00edpio de Manaus","observacao":"DELIBERA\u00c7\u00c3O: 14/07/2021.\r\nEm 14/07/2021: Segue para an\u00e1lise e emiss\u00e3o de parecer da 2a. CCJR.\r\nProcuradoria (02/08/2021 - 06/08/2021)\r\n2\u00aa CCJR - Relator: Ver. Caio Andr\u00e9 (02/08/2021 a 10/08/2021). Aprovado o parecer favor\u00e1vel, pela totalidade dos presentes, na reuni\u00e3o presencial\r\ndo dia 25/04/2022.\r\nNo PLEN\u00c1RIO: Na reuni\u00e3o ordin\u00e1ria do dia 27/04/2022, foi aprovado o parecer favor\u00e1vel da 2\u00aa Comiss\u00e3o. Projeto encaminhado \u00e0 3\u00aa Comiss\u00e3o para an\u00e1lise e emiss\u00e3o de parecer.\r\n3\u00aa CFEO - Relator: Ver. Lissandro Breval (02/05/2022 - 09/05/2022) - Aprovado o parecer favor\u00e1vel pela totalidade dos presentes, na reuni\u00e3o presencial do dia 17/05/2022.\r\nNo PLEN\u00c1RIO: Na reuni\u00e3o ordin\u00e1ria do dia 23/05/2022, foi aprovado o parecer favor\u00e1vel da 3\u00aa Comiss\u00e3o. Projeto encaminhado \u00e0 14\u00aa Comiss\u00e3o para an\u00e1lise e emiss\u00e3o de parecer.\r\n14\u00aa COMMARESV - Relator: Ver. Fransu\u00e1( 24/05/2022 - 01/06/2022). Aprovado o parecer por totalidade dos presentes, na reuni\u00e3o extraordin\u00e1ria do dia 04/07/2022.\r\nNo PLEN\u00c1RIO: Na reuni\u00e3o ordin\u00e1ria do dia 01/08/2022, foi aprovado o parecer favor\u00e1vel da 14\u00aa Comiss\u00e3o. Projeto aprovado em 1a. discuss\u00e3o. Aguardando 2a. discuss\u00e3o na forma da lei.\r\nNo PLEN\u00c1RIO: Na reuni\u00e3o ordin\u00e1ria do dia 19/09/2022, o projeto foi APROVADO em 2\u00aa. discuss\u00e3o. Segue \u00e0 SAN\u00c7\u00c3O do senhor Prefeito.","resultado":"","texto_original":"http://sapl.cmm.am.gov.br/media/sapl/public/materialegislativa/2021/7928/pl_320_2021_kennedy_marques_estabelece_e_classifica.pdf","data_ultima_atualizacao":"2024-06-13T10:42:22.436705-04:00","ip":"172.23.5.67","ultima_edicao":"2022-09-19T15:22:55.292807-04:00","tipo":4,"regime_tramitacao":1,"tipo_origem_externa":4,"local_origem_externa":null,"user":13,"anexadas":[],"autores":[5,144]}