{"id":787,"__str__":"Consultar Mo\u00e7\u00f5es dos anos anteriores a 2023 n\u00ba 74 de 2020","metadata":{},"numero":74,"ano":2020,"numero_protocolo":286,"data_apresentacao":"2020-04-27","tipo_apresentacao":"","data_publicacao":null,"numero_origem_externa":"","ano_origem_externa":null,"data_origem_externa":null,"apelido":"","dias_prazo":null,"data_fim_prazo":null,"em_tramitacao":false,"polemica":null,"objeto":"","complementar":null,"ementa":"Manifesta PESAR \u00e0 Fam\u00edlia de MIQU\u00c9IAS FERNANDES, pelo seu falecimento, em Manaus/AM, no dia 26 de Abril de 2020, em consequ\u00eancia de infec\u00e7\u00e3o do V\u00edrus COVID-19, na pessoa da Senhora HELEN GRACE COSTA SENA.","indexacao":"","observacao":"","resultado":"","texto_original":"http://sapl.cmm.am.gov.br/media/sapl/public/materialegislativa/2020/787/pesar_-_miqueias_fernandes.pdf","data_ultima_atualizacao":"2020-05-07T16:52:56.161180-04:00","ip":"191.189.1.150","ultima_edicao":"2020-04-28T07:07:23.695874-04:00","tipo":1,"regime_tramitacao":1,"tipo_origem_externa":null,"local_origem_externa":null,"user":16,"anexadas":[],"autores":[24]}