{"id":7816,"__str__":"Projeto de Lei n\u00ba 317 de 2021","metadata":{},"numero":317,"ano":2021,"numero_protocolo":4155,"data_apresentacao":"2021-06-02","tipo_apresentacao":"E","data_publicacao":null,"numero_origem_externa":"","ano_origem_externa":2021,"data_origem_externa":null,"apelido":"","dias_prazo":null,"data_fim_prazo":null,"em_tramitacao":false,"polemica":null,"objeto":"","complementar":null,"ementa":"Considera de Utilidade P\u00fablica o INSTITUTO SOCIAL PAI RESGATANDO VIDAS \u2013 ISPRV.","indexacao":"Considera de Utilidade P\u00fablica o INSTITUTO SOCIAL PAI RESGATANDO VIDAS \u2013 ISPRV.","observacao":"DELIBERA\u00c7\u00c3O: 28/06/2021.\r\nEm 28/06/2021: Segue para an\u00e1lise e emiss\u00e3o de parecer da 2a. CCJR.\r\nPROCURADORIA: 30/06/2021 a 07/07/2021.\r\n2\u00aa. CCJR- Relator: Ver. Joelson Silva(05/07/2021 a 13/07/2021). Aprovado o parecer favor\u00e1vel pela totalidade dos presentes, na reuni\u00e3o presencial do dia 04/08/2021\r\nNo PLEN\u00c1RIO: Na reuni\u00e3o ordin\u00e1ria do dia 09/08/2021, foi aprovado o parecer favor\u00e1vel da 2\u00aa Comiss\u00e3o. Projeto encaminhado \u00e0 11\u00aa Comiss\u00e3o para an\u00e1lise e emiss\u00e3o de parecer.\r\n11\u00aa COMASLEP: RELATOR: Ver. Rosivaldo Cordovil (11/08/2021 - 23/08/2021). Parecer favor\u00e1vel. Aprovado o parecer favor\u00e1vel pela totalidade dos presentes na reuni\u00e3o extraordin\u00e1ria, virtual, do dia 25/08/2021.\r\nNo PLEN\u00c1RIO: Na reuni\u00e3o ordin\u00e1ria do dia 30/08/2021, foi aprovado o parecer da 11a. Comiss\u00e3o. O projeto aprovado em 1\u00aa. discuss\u00e3o. Aguardando 2a. discuss\u00e3o na forma da lei.\r\nNo PLEN\u00c1RIO: Na reuni\u00e3o ordin\u00e1ria do dia 01/09/2021, o projeto foi aprovado em 2\u00aa discuss\u00e3o. Segue \u00e0 san\u00e7\u00e3o do senhor Prefeito.","resultado":"","texto_original":"http://sapl.cmm.am.gov.br/media/sapl/public/materialegislativa/2021/7816/pl_317_2021_thaysa_lippy_utilidade_publica.pdf","data_ultima_atualizacao":"2024-06-14T11:45:41.960568-04:00","ip":"172.23.5.10","ultima_edicao":"2021-09-01T12:41:20.595912-04:00","tipo":4,"regime_tramitacao":1,"tipo_origem_externa":4,"local_origem_externa":null,"user":13,"anexadas":[],"autores":[152]}