{"id":7811,"__str__":"Projeto de Lei n\u00ba 312 de 2021","metadata":{},"numero":312,"ano":2021,"numero_protocolo":4150,"data_apresentacao":"2021-06-02","tipo_apresentacao":"E","data_publicacao":null,"numero_origem_externa":"","ano_origem_externa":2021,"data_origem_externa":null,"apelido":"","dias_prazo":null,"data_fim_prazo":null,"em_tramitacao":false,"polemica":null,"objeto":"","complementar":null,"ementa":"DISP\u00d5E sobre a implanta\u00e7\u00e3o da Pol\u00edtica Municipal de Preven\u00e7\u00e3o \u00e0 Gravidez na Adolesc\u00eancia, nas escolas da rede p\u00fablica e d\u00e1 outras provid\u00eancias.","indexacao":"DISP\u00d5E sobre a implanta\u00e7\u00e3o da Pol\u00edtica Municipal de Preven\u00e7\u00e3o \u00e0 Gravidez na Adolesc\u00eancia, nas escolas da rede p\u00fablica e d\u00e1 outras provid\u00eancias.","observacao":"DELIBERA\u00c7\u00c3O: 21/06/2021.\r\nEm 21/06/2021: Segue para an\u00e1lise e emiss\u00e3o de parecer da 2a. CCJR.\r\nPROCURADORIA: 22/06/2021 a 29/06/2021.\r\n2\u00aa CCJR - Relator: Ver. Marcelo Serafim( 30/06/2021 a 12/07/2021)\r\nDIAP: Para conhecimento dos vereadores, conforme par\u00e1grafo 1\u00ba do art. 38, do Regimento Interno.\r\nNo PLEN\u00c1RIO: Na reuni\u00e3o ordin\u00e1ria do dia 30/11/2022, foi feita a leitura do despacho do Presidente da C\u00e2mara determinando o arquivamento da mat\u00e9ria, conforme par\u00e1grafo 1\u00ba do art. 38, do Regimento Interno, por ter recebido parecer CONTR\u00c1RIO da 2a. Comiss\u00e3o. Aberto o prazo regimental de 5 dias \u00fateis para recurso. Prazo: 30/11/2022 a 08/12/2022.\r\nEm 09/12/2022: Decorrido o prazo do parag. 1\u00ba do art. 38 do Regimento Interno. \r\nProposi\u00e7\u00e3o ARQUIVADA.","resultado":"","texto_original":"http://sapl.cmm.am.gov.br/media/sapl/public/materialegislativa/2021/7811/pl_312_2021_raiff_matos_politica_municipal_de_prevencao.pdf","data_ultima_atualizacao":"2023-04-24T08:42:46.195515-04:00","ip":"172.17.0.1","ultima_edicao":"2023-01-05T15:30:05.901631-04:00","tipo":4,"regime_tramitacao":1,"tipo_origem_externa":4,"local_origem_externa":null,"user":13,"anexadas":[],"autores":[149]}