{"id":778,"__str__":"Projeto de Lei n\u00ba 123 de 2020","metadata":{},"numero":123,"ano":2020,"numero_protocolo":277,"data_apresentacao":"2020-04-27","tipo_apresentacao":"E","data_publicacao":null,"numero_origem_externa":"","ano_origem_externa":2020,"data_origem_externa":null,"apelido":"","dias_prazo":null,"data_fim_prazo":null,"em_tramitacao":false,"polemica":null,"objeto":"Covid-19","complementar":null,"ementa":"Disp\u00f5e sobre os direitos dos usu\u00e1rios do servi\u00e7o p\u00fablico de sa\u00fade, inclusive  para as pessoas infectadas pelo SARS COV2 \u2013 COVID-19 como medida para enfrentamento da emerg\u00eancia de sa\u00fade p\u00fablica de import\u00e2ncia internacional decorrente do coronav\u00edrus respons\u00e1vel pelo surto de 2019","indexacao":"direitos\r\nusu\u00e1rios\r\nservi\u00e7o p\u00fablico sa\u00fade\r\npessoas \r\ninfectadas\r\nSARS COV2 - COVID-19\r\nemerg\u00eancia\r\nsa\u00fade p\u00fablica\r\nimport\u00e2ncia\r\nrespons\u00e1vel pelo surto","observacao":"Delibera\u00e7\u00e3o: sess\u00e3o virtual de 28.04.2020\r\n2\u00aa CCJR - A Procuradoria exarou parecer contr\u00e1rio \u00e0 mat\u00e9ria. Na reuni\u00e3o do dia 06.05.2020 foi aprovado o parecer contr\u00e1rio pela totalidade dos presentes.\r\nNo PLEN\u00c1RIO: Na reuni\u00e3o ordin\u00e1ria virtual do dia 19.05.2020 foi lido o despacho do Presidente da C\u00e2mara determinando o arquivamento da mat\u00e9ria, tendo o autor o prazo de cinco dias \u00fateis para recorrer, com base no \u00a7 1.\u00ba do art. 38 do Regimento Interno. O prazo do autor ou do l\u00edder para recorrer encerra em 26.05.2020. Como n\u00e3o houve manifesta\u00e7\u00e3o do autor a mat\u00e9ria foi arquivada.\r\nREJEITADO (PELA 2\u00aa CCJR)","resultado":"","texto_original":"http://sapl.cmm.am.gov.br/media/sapl/public/materialegislativa/2020/778/pl_123_2020__gilmar_nascimento_direitos_das_pessoas_infectadas_pala_covid-19_atz_7.pdf","data_ultima_atualizacao":"2020-06-11T11:38:34.435586-04:00","ip":"187.46.95.236","ultima_edicao":"2020-06-11T11:36:34.998971-04:00","tipo":4,"regime_tramitacao":1,"tipo_origem_externa":4,"local_origem_externa":null,"user":12,"anexadas":[],"autores":[10]}