{"id":735,"__str__":"Projeto de Lei n\u00ba 110 de 2020","metadata":{},"numero":110,"ano":2020,"numero_protocolo":235,"data_apresentacao":"2020-04-17","tipo_apresentacao":"E","data_publicacao":null,"numero_origem_externa":"","ano_origem_externa":2020,"data_origem_externa":null,"apelido":"","dias_prazo":null,"data_fim_prazo":null,"em_tramitacao":true,"polemica":null,"objeto":"","complementar":null,"ementa":"INCLUI os Motoristas, os Cobradores, os trabalhadores da Manuten\u00e7\u00e3o e da Administra\u00e7\u00e3o do Transporte Coletivo Urbano, os Rasteleiros, os Garis e os Lixeiros nos grupos priorit\u00e1rios para imuniza\u00e7\u00e3o contra o v\u00edrus Influenza (H1N1), no \u00e2mbito do munic\u00edpio de Manaus e d\u00e1 outras provid\u00eancias.","indexacao":"Inclui\r\nmotoristas\r\ncobradores\r\ntrabalhadores\r\nmanuten\u00e7\u00e3o\r\nadministra\u00e7\u00e3o\r\ntransporte coletivo urbano\r\nrasteleiros\r\ngaris \r\n lixeiros\r\nimuniza\u00e7\u00e3o\r\ncontra v\u00edrus Influenza (H1N1)","observacao":"Delibera\u00e7\u00e3o: sess\u00e3o plen\u00e1ria virtual de 28.04.2020\r\nNa Procuradoria (28.04.2020). A Procuradoria exarou parecer contr\u00e1rio \u00e0 mat\u00e9ria.\r\nNa 2\u00aa CCJR: Relator: Ver. Marcel Alexandre (29.04.2020). Na reuni\u00e3o do dia 14.05.2020 foi aprovado o parecer contr\u00e1rio pela totalidade dos presentes. A Comiss\u00e3o decidiu transformar a mat\u00e9ria em Indica\u00e7\u00e3o.","resultado":"","texto_original":"http://sapl.cmm.am.gov.br/media/sapl/public/materialegislativa/2020/735/pl_110_2020_jaildo_oliveira_imunizacao_h1n1-ver_jaildo_1.pdf","data_ultima_atualizacao":"2020-05-17T09:09:38.333544-04:00","ip":"191.189.3.211","ultima_edicao":"2020-05-17T09:09:38.330867-04:00","tipo":4,"regime_tramitacao":1,"tipo_origem_externa":4,"local_origem_externa":null,"user":12,"anexadas":[],"autores":[22]}