{"id":7288,"__str__":"Projeto de Lei n\u00ba 280 de 2021","metadata":{},"numero":280,"ano":2021,"numero_protocolo":null,"data_apresentacao":"2021-05-21","tipo_apresentacao":"E","data_publicacao":null,"numero_origem_externa":"280","ano_origem_externa":2021,"data_origem_externa":"2021-05-21","apelido":"","dias_prazo":null,"data_fim_prazo":null,"em_tramitacao":false,"polemica":null,"objeto":"","complementar":null,"ementa":"ALTERA a Lei n. 452 de 26 de novembro de 1998 e d\u00e1 outras provid\u00eancias. [CRIA na Estrutura Administrativa da SEMED as escolas municipais (...)]","indexacao":"","observacao":"DELIBERA\u00c7\u00c3O: 24/05/2021.\r\nEm 24/05/2021: Segue para an\u00e1lise e emiss\u00e3o de parecer da 2a. CCJR.\r\nPROCURADORIA: 25/05/2021 a 01/06/2021.\r\n2\u00aa CCJR - Relator: Ver. Caio Andr\u00e9(12/07/2021 a 03/08/2021). Aprovado o parecer favor\u00e1vel pela totalidade dos presentes, na reuni\u00e3o presencial do dia 04/08/2021\r\nNo PLEN\u00c1RIO: Na reuni\u00e3o ordin\u00e1ria do dia 09/08/2021, foi aprovado o parecer favor\u00e1vel da 2\u00aa Comiss\u00e3o. Projeto encaminhado \u00e0 3\u00aa Comiss\u00e3o para an\u00e1lise e emiss\u00e3o de parecer.\r\n3\u00aa CFEO-RELATOR: Ver. Lissandro Breval. (18/08/2021-25/08/2021). Aprovado o parecer FAVOR\u00c1VEL pela UNANIMIDADE dos membros, na Reuni\u00e3o Extraordin\u00e1ria Virtual do dia 31/08/2021.\r\nNo PLEN\u00c1RIO: Na reuni\u00e3o ordin\u00e1ria do dia 13/09/2021, foi aprovado o parecer favor\u00e1vel da 3\u00aa Comiss\u00e3o. Projeto encaminhado \u00e0 4\u00aa Comiss\u00e3o para an\u00e1lise e emiss\u00e3o de parecer.\r\n4a. COMED - Relator: vereador Fransu\u00e1 (14.09.21 - 22.09.21). Aprovado o parecer FAVOR\u00c1VEL pela totalidade dos presentes na reuni\u00e3o extraordin\u00e1ria virtual do dia 14 de setembro de 2021.\r\nNo PLEN\u00c1RIO: Na reuni\u00e3o ordin\u00e1ria do dia 15/09/2021, foi aprovado o parecer favor\u00e1vel da 4\u00aa Comiss\u00e3o. Projeto aprovado em 1\u00aa discuss\u00e3o. Aguardando 2\u00aa discuss\u00e3o na forma da lei.\r\nNo PLEN\u00c1RIO: Na reuni\u00e3o ordin\u00e1ria do dia 20/09/2021, o projeto foi APROVADO em 2\u00aa. discuss\u00e3o. Segue \u00e0 san\u00e7\u00e3o do senhor Prefeito.","resultado":"","texto_original":"http://sapl.cmm.am.gov.br/media/sapl/public/materialegislativa/2021/7288/pl_280_2021_-_mens._015_2021_-_altera_a_lei_n._452_de_26_de_novembro_de_1998_e_da_outras_providencias.pdf","data_ultima_atualizacao":"2024-06-14T12:18:07.796531-04:00","ip":"172.23.5.10","ultima_edicao":"2021-09-20T11:36:32.153210-04:00","tipo":4,"regime_tramitacao":1,"tipo_origem_externa":4,"local_origem_externa":1,"user":13,"anexadas":[],"autores":[106]}