{"id":7264,"__str__":"Projeto de Lei n\u00ba 279 de 2021","metadata":{},"numero":279,"ano":2021,"numero_protocolo":3614,"data_apresentacao":"2021-05-20","tipo_apresentacao":"E","data_publicacao":null,"numero_origem_externa":"","ano_origem_externa":2021,"data_origem_externa":null,"apelido":"","dias_prazo":null,"data_fim_prazo":null,"em_tramitacao":false,"polemica":null,"objeto":"","complementar":null,"ementa":"DISP\u00d5E SOBRE A OBRIGATORIEDADE DE AFIXA\u00c7\u00c3O DO ITINER\u00c1RIO DOS \u00d4NIBUS EM SUAS LATERAIS EM TAMANHO LEG\u00cdVEL, NO MUNIC\u00cdPIO DE MANAUS E D\u00c1 OUTRAS PROVID\u00caNCIAS","indexacao":"DISP\u00d5E SOBRE A OBRIGATORIEDADE DE AFIXA\u00c7\u00c3O DO ITINER\u00c1RIO DOS \u00d4NIBUS EM SUAS LATERAIS EM TAMANHO LEG\u00cdVEL, NO MUNIC\u00cdPIO DE MANAUS E D\u00c1 OUTRAS PROVID\u00caNCIAS","observacao":"DELIBERA\u00c7\u00c3O: 14/06/2021.\r\nEm 14/06/2021: Segue para an\u00e1lise e emiss\u00e3o de parecer da 2a. Comiss\u00e3o.\r\nPROCURADORIA: 15/06/2021 a 22/06/2021.\r\n2\u00aa CCJR-RELATOR: Ver. Marcelo Serafim (17/06/2021-28/06/2021).\r\nNo dia 24/08/2021, foi retirado de tramita\u00e7\u00e3o pelo autor, por meio do memo n. 029/2021-GVTL.","resultado":"","texto_original":"http://sapl.cmm.am.gov.br/media/sapl/public/materialegislativa/2021/7264/pl_279_2021_thaysa_lippy_onibus_manaus.pdf","data_ultima_atualizacao":"2023-07-04T11:44:11.344670-04:00","ip":"172.23.0.190","ultima_edicao":"2021-08-24T06:04:25.936568-04:00","tipo":4,"regime_tramitacao":1,"tipo_origem_externa":4,"local_origem_externa":null,"user":15,"anexadas":[],"autores":[152]}