{"id":7175,"__str__":"Projeto de Lei n\u00ba 277 de 2021","metadata":{},"numero":277,"ano":2021,"numero_protocolo":3529,"data_apresentacao":"2021-05-19","tipo_apresentacao":"E","data_publicacao":null,"numero_origem_externa":"","ano_origem_externa":2021,"data_origem_externa":null,"apelido":"","dias_prazo":null,"data_fim_prazo":null,"em_tramitacao":false,"polemica":null,"objeto":"","complementar":null,"ementa":"INSTITUI o dia 20 de mar\u00e7o como o Dia do Cobrador de \u00d4nibus.","indexacao":"INSTITUI o dia 20 de mar\u00e7o como o Dia do Cobrador de \u00d4nibus.","observacao":"DELIBERA\u00c7\u00c3O: 14/06/2021.\r\nEm 14/06/2021: Segue para an\u00e1lise e emiss\u00e3o de parecer da 2a. Comiss\u00e3o.\r\nPROCURADORIA: 15/06/2021 a 22/06/2021.\r\n2\u00aa CCJR-RELATOR: Ver. Caio Andr\u00e9 (17/06/2021-28/06/2021). Aprovado o parecer favor\u00e1vel do relator, pela totalidade dos presentes, na reuni\u00e3o presencial do dia 09/03/2022.\r\nNo PLEN\u00c1RIO: Na reuni\u00e3o ordin\u00e1ria do dia 04/04/2022, foi aprovado o parecer favor\u00e1vel da 2\u00aa Comiss\u00e3o. Projeto aprovado em 1a. discuss\u00e3o. Aguardando 2a. discuss\u00e3o na forma da lei.\r\nNo PLEN\u00c1RIO: Na reuni\u00e3o ordin\u00e1ria do dia 11/04/2022, o projeto foi APROVADO em 2\u00aa. discuss\u00e3o. Projeto subscrito pelo Vereador ROSIVALDO CORDOVIL. Segue \u00e0 san\u00e7\u00e3o do senhor Prefeito.","resultado":"","texto_original":"http://sapl.cmm.am.gov.br/media/sapl/public/materialegislativa/2021/7175/pl_277_2021_jaildo_oliveira_dia_do_cobrador-1.pdf","data_ultima_atualizacao":"2024-06-10T13:11:11.691064-04:00","ip":"172.23.5.67","ultima_edicao":"2022-04-12T14:04:23.910449-04:00","tipo":4,"regime_tramitacao":1,"tipo_origem_externa":4,"local_origem_externa":null,"user":13,"anexadas":[],"autores":[22,47]}