{"id":714,"__str__":"Projeto de Lei n\u00ba 105 de 2020","metadata":{},"numero":105,"ano":2020,"numero_protocolo":214,"data_apresentacao":"2020-04-16","tipo_apresentacao":"E","data_publicacao":null,"numero_origem_externa":"","ano_origem_externa":2020,"data_origem_externa":null,"apelido":"","dias_prazo":null,"data_fim_prazo":null,"em_tramitacao":false,"polemica":null,"objeto":"Rec\u00e9m nascidos","complementar":null,"ementa":"DISP\u00d5E sobre a garantia da realiza\u00e7\u00e3o na rede municipal de Sa\u00fade do exame de sangue CPK aos rec\u00e9m-nascidos, para diagnosticar a   Distrofia Muscular Duchenne no munic\u00edpio de Manaus e d\u00e1 outras provid\u00eancias.","indexacao":"garantia\r\nrealiza\u00e7\u00e3o rede municipal\r\nsa\u00fade\r\nsangue \r\nCPK\r\nrec\u00e9m nascidos\r\ndiagnosticar\r\nDistrofia Muscular Duchene","observacao":"Delibera\u00e7\u00e3o: sess\u00e3o plen\u00e1ria virtual de 28.04.2020\r\nNa PROCURADORIA: (28.04.2020). A Procuradoria exarou parecer favor\u00e1vel \u00e0 mat\u00e9ria.\r\nNa 2\u00aa CCJR \u2013 RELATOR: Ver. Wallace Oliveira (13.05.2020). Na reuni\u00e3o do dia 20.05.2020 foi aprovado o parecer favor\u00e1vel pela totalidade dos presentes.\r\nNo PLEN\u00c1RIO: Na reuni\u00e3o do dia 26.05.2020 o Plen\u00e1rio acatou o parecer da 2\u00aa Comiss\u00e3o e encaminhou a mat\u00e9ria para an\u00e1lise da 3\u00aa Comiss\u00e3o.\r\nNa 3\u00aa CFEO \u2013 RELATOR: Ver. Dr. Ewerton Wanderley. Na reuni\u00e3o extraordin\u00e1ria virtual do dia 02.06.2020 (ter\u00e7a-feira) foi aprovado o parecer FAVOR\u00c1VEL pela unanimidade dos membros.\r\nNo PLEN\u00c1RIO: Na reuni\u00e3o ordin\u00e1ria do dia 13.07.2020, o Plen\u00e1rio acatou o parecer da Comiss\u00e3o e em seguida encaminhou para analise da 6\u00aa Comiss\u00e3o de Sa\u00fade.\r\nNa  6\u00aa  COMSAU - RELATOR: Ver. Roberto Sabino (21.07.2020). Na reuni\u00e3o extraordin\u00e1ria virtual do dia 20.07.2020 foi aprovado o parecer FAVOR\u00c1VEL  pela unanimidade dos membros.\r\nNo PLEN\u00c1RIO: Na reuni\u00e3o virtual do dia 03.08.2020 o Plen\u00e1rio acatou o parecer da 6\u00aa Comiss\u00e3o e aprovou a mat\u00e9ria em 1\u00aa discuss\u00e3o.","resultado":"","texto_original":"http://sapl.cmm.am.gov.br/media/sapl/public/materialegislativa/2020/714/pl_105_2020_fransua_distrofia_duchenne_exame_1.pdf","data_ultima_atualizacao":"2024-06-21T10:00:11.824713-04:00","ip":"191.31.43.94","ultima_edicao":"2020-08-03T08:30:50.847198-04:00","tipo":4,"regime_tramitacao":1,"tipo_origem_externa":null,"local_origem_externa":null,"user":95,"anexadas":[],"autores":[19]}