{"id":699,"__str__":"Projeto de Lei n\u00ba 101 de 2020","metadata":{},"numero":101,"ano":2020,"numero_protocolo":199,"data_apresentacao":"2020-04-15","tipo_apresentacao":"E","data_publicacao":null,"numero_origem_externa":"","ano_origem_externa":2020,"data_origem_externa":null,"apelido":"","dias_prazo":null,"data_fim_prazo":null,"em_tramitacao":false,"polemica":null,"objeto":"","complementar":null,"ementa":"Disp\u00f5e sobre a obrigatoriedade do uso de m\u00e1scara de prote\u00e7\u00e3o no munic\u00edpio de Manaus e d\u00e1 outras provid\u00eancias.","indexacao":"obrigatoriedade\r\nuso\r\nmascaras\r\nmunic\u00edpio\r\nManaus","observacao":"Delibera\u00e7\u00e3o: sess\u00e3o virtual de 17.04.2020.\r\nNa PROCURADORIA LEGISLATIVA - Parecer  FAVOR\u00c1VEL.\r\nNa 2\u00aa CCJR:  Relator: Ver. Rauzinho . Na reuni\u00e3o virtual do dia 28.04.2020 foi aprovado o parecer FAVOR\u00c1VEL pela totalidade dos presentes.\r\nNo PLEN\u00c1RIO: Na reuni\u00e3o virtual do dia 28.04.2020 o Plen\u00e1rio acatou o parecer da 2\u00aa Comiss\u00e3o e encaminhou a mat\u00e9ria para an\u00e1lise da 3\u00aa Comiss\u00e3o. \r\nNa 3\u00aa CFEO \u2013 RELATOR: Ver. Alonso Oliveira. Na reuni\u00e3o extraordin\u00e1ria virtual do dia 02.06.2020 (ter\u00e7a-feira) foi aprovado o parecer FAVOR\u00c1VEL pela unanimidade dos membros.\r\nNo PLEN\u00c1RIO: Na reuni\u00e3o virtual do dia 08.06.2020 o Plen\u00e1rio acatou o parecer da 3\u00aa Comiss\u00e3o e encaminhou a mat\u00e9ria para an\u00e1lise da 6\u00aa Comiss\u00e3o. \r\nNa 6\u00aa COMSAU \u2013 RELATOR: Ver. Marcelo Serafim - Na reuni\u00e3o virtual do dia 16.06.2020 foi aprovado o parecer FAVOR\u00c1VEL pela totalidade dos presentes.\r\nNo PLEN\u00c1RIO: Na reuni\u00e3o virtual do dia 23.06.2020 o Plen\u00e1rio acatou o parecer da 6\u00aa Comiss\u00e3o e aprovou  a mat\u00e9ria em 1\u00aa discuss\u00e3o.\r\nNo PLEN\u00c1RIO: Na reuni\u00e3o virtual do dia 29.06.2020 foi aprovado  em 2\u00aa discuss\u00e3o. Encaminhado \u00e0 San\u00e7\u00e3o do Senhor Prefeito.\r\nNa 2\u00aa CCJR \u2013 REDA\u00c7\u00c3O FINAL - RELATOR: A Comiss\u00e3o. A Comiss\u00e3o aprovou a reda\u00e7\u00e3o final da mat\u00e9ria. Tramitado \u00e0 Divis\u00e3o de Controle e Edi\u00e7\u00e3o de Leis em ...........2020.\r\nFoi \u00e0 san\u00e7\u00e3o (OF.N\u00ba).\r\nAPROVADO","resultado":"","texto_original":"http://sapl.cmm.am.gov.br/media/sapl/public/materialegislativa/2020/699/pl_101_2020_dante_mascara_protecao_1.pdf","data_ultima_atualizacao":"2024-06-20T12:56:24.160194-04:00","ip":"191.31.47.25","ultima_edicao":"2020-06-29T10:04:52.570632-04:00","tipo":4,"regime_tramitacao":1,"tipo_origem_externa":4,"local_origem_externa":null,"user":95,"anexadas":[],"autores":[11]}