{"id":694,"__str__":"Projeto de Lei n\u00ba 96 de 2020","metadata":{},"numero":96,"ano":2020,"numero_protocolo":196,"data_apresentacao":"2020-04-15","tipo_apresentacao":"E","data_publicacao":null,"numero_origem_externa":"","ano_origem_externa":2020,"data_origem_externa":null,"apelido":"","dias_prazo":null,"data_fim_prazo":null,"em_tramitacao":false,"polemica":null,"objeto":"Transporte P\u00fablico","complementar":null,"ementa":"Disp\u00f5e sobre medidas excepcionais a serem adotadas na isen\u00e7\u00e3o de cobran\u00e7a tarif\u00e1ria no transporte coletivo municipal, para os profissionais de sa\u00fade e de servi\u00e7os funer\u00e1rios durante a situa\u00e7\u00e3o de emerg\u00eancia de que trata a Lei n\u00ba 13.979, de 6 de fevereiro de 2020.","indexacao":"Disp\u00f5e\r\nmedidas\r\nexcepcionais\r\nisen\u00e7\u00e3o\r\ncobran\u00e7a\r\ntarif\u00e1ria\r\ntransporte\r\ncoletivo\r\nmunicipal\r\nprofissionais\r\nsa\u00fade\r\nservi\u00e7os funer\u00e1rios\r\ndurante situa\u00e7\u00e3o\r\nemerg\u00eancia\r\nLei n. 13.979, 6 de fevereiro 2020","observacao":"Delibera\u00e7\u00e3o: reuni\u00e3o virtual de 17.04.2020.\r\n2\u00aa CCJR - A procuradoria exarou parecer contr\u00e1rio \u00e0 mat\u00e9ria. Na reuni\u00e3o virtual do dia 04.05.2020 foi aprovado o parecer CONTR\u00c1RIO pela totalidade dos presentes.\r\nNo PLEN\u00c1RIO: Na reuni\u00e3o extraordin\u00e1ria virtual do dia 11.05.2020 foi lido o despacho do Presidente da C\u00e2mara determinando o arquivamento da mat\u00e9ria, tendo o autor o prazo de cinco dias \u00fateis para recorrer, com base no \u00a7 1.\u00ba do art. 38 do Regimento Interno. O prazo do autor ou do l\u00edder para recorrer encerra em 19.05.2020.\r\nREJEITADO (PELA 2\u00aa CCJR)","resultado":"","texto_original":"http://sapl.cmm.am.gov.br/media/sapl/public/materialegislativa/2020/694/pl_096_2020_gedeao_amorim_isencao_transp_pub_aos_prof_da_saude_durante_pandemia_14-4_1.pdf","data_ultima_atualizacao":"2020-06-11T11:49:05.830700-04:00","ip":"191.189.23.211","ultima_edicao":"2020-05-12T07:56:16.036912-04:00","tipo":4,"regime_tramitacao":1,"tipo_origem_externa":4,"local_origem_externa":null,"user":12,"anexadas":[],"autores":[20]}