{"id":689,"__str__":"Projeto de Lei n\u00ba 95 de 2020","metadata":{},"numero":95,"ano":2020,"numero_protocolo":195,"data_apresentacao":"2020-04-14","tipo_apresentacao":"E","data_publicacao":null,"numero_origem_externa":"","ano_origem_externa":2020,"data_origem_externa":null,"apelido":"","dias_prazo":null,"data_fim_prazo":null,"em_tramitacao":false,"polemica":null,"objeto":"","complementar":null,"ementa":"\"Disp\u00f5e sobre a obrigatoriedade do uso de m\u00e1scaras de prote\u00e7\u00e3o pelos  funcion\u00e1rios de Bancos e casa lot\u00e9ricas no munic\u00edpio de Manaus, e d\u00e1 outras provid\u00eancias.\"","indexacao":"obrigatoriedade\r\nuso de m\u00e1scaras\r\nprote\u00e7\u00e3o\r\nclientes\r\nfuncion\u00e1rios\r\nbancos\r\ncasa lot\u00e9ricas","observacao":"Delibera\u00e7\u00e3o: sess\u00e3o plen\u00e1ria virtual de 17.04.2020.\r\nNa PROCURADORIA: (17.04.2020). A Procuradoria exarou parecer favor\u00e1vel \u00e0 mat\u00e9ria.\r\nNa 2\u00aa CCJR \u2013 RELATOR: Ver. Fred Mota (20.04.2020). Na reuni\u00e3o do dia 04.05.2020 foi aprovado o parecer favor\u00e1vel pela totalidade dos presentes.\r\nNo PLEN\u00c1RIO: Na reuni\u00e3o virtual do dia 04.05.2020 o Plen\u00e1rio acatou o parecer da 2\u00aa Comiss\u00e3o e encaminhou a mat\u00e9ria para an\u00e1lise da 3\u00aa Comiss\u00e3o.\r\nNa 3\u00aa CFEO \u2013 RELATOR: Ver. Elias Emanuel (12.05.2020). Na reuni\u00e3o ordin\u00e1ria virtual do dia 13.05.2020 (quarta-feira) foi aprovado o parecer favor\u00e1vel por unanimidade dos membros.\r\nNa 6\u00aa COMSAU \u2013 RELATOR: Ver. Marcelo Serafim. Na reuni\u00e3o do dia 20.05.2020 foi aprovado o parecer favor\u00e1vel por unanimidade dos membros.\r\nNo PLEN\u00c1RIO: Na reuni\u00e3o virtual do dia 25.05.2020 o Plen\u00e1rio acatou o parecer da 3\u00aa e 6\u00aa Comiss\u00f5es e, em seguida, aprovou a mat\u00e9ria em 1\u00aa discuss\u00e3o. Na reuni\u00e3o do dia 26.05.2020 a mat\u00e9ria foi aprovada em 2\u00aa discuss\u00e3o e encaminhada \u00e0 san\u00e7\u00e3o do senhor Prefeito.\r\nNa 2\u00aa CCJR \u2013 REDA\u00c7\u00c3O FINAL - RELATOR: A Comiss\u00e3o. A Comiss\u00e3o aprovou a reda\u00e7\u00e3o final da mat\u00e9ria. Tramitado \u00e0 Divis\u00e3o de Controle e Edi\u00e7\u00e3o de Leis em 29.09.2020.\r\nFoi \u00e0 san\u00e7\u00e3o (OF.N\u00ba).\r\nAPROVADO","resultado":"","texto_original":"http://sapl.cmm.am.gov.br/media/sapl/public/materialegislativa/2020/689/pl_095_2020_gloria_carratte_dispoe_sobre_obrigatoriedade_do_uso_de_mascaras_tati_castro_1.pdf","data_ultima_atualizacao":"2024-06-20T09:36:20.520262-04:00","ip":"172.23.1.13","ultima_edicao":"2020-08-24T04:24:27.353688-04:00","tipo":4,"regime_tramitacao":2,"tipo_origem_externa":4,"local_origem_externa":null,"user":27,"anexadas":[],"autores":[19,17]}