{"id":6879,"__str__":"Projeto de Lei n\u00ba 250 de 2021","metadata":{},"numero":250,"ano":2021,"numero_protocolo":3298,"data_apresentacao":"2021-05-14","tipo_apresentacao":"E","data_publicacao":null,"numero_origem_externa":"","ano_origem_externa":2021,"data_origem_externa":null,"apelido":"","dias_prazo":null,"data_fim_prazo":null,"em_tramitacao":false,"polemica":null,"objeto":"","complementar":null,"ementa":"INSTITUI o Dia Gestor P\u00fablico Municipal e d\u00e1 outras provid\u00eancias.","indexacao":"INSTITUI o Dia Gestor P\u00fablico Municipal e d\u00e1 outras provid\u00eancias.","observacao":"DELIBERA\u00c7\u00c3O: 02/08/2021.\r\nEm 02/08/2021: Segue para an\u00e1lise e emiss\u00e3o de parecer da 2a. CCJR.\r\nProcuradoria: (03/08/2021 - 10/08/2021)\r\nPropositura arquivada por for\u00e7a do artigo 151 do Regimento Interno da C\u00e2mara","resultado":"","texto_original":"http://sapl.cmm.am.gov.br/media/sapl/public/materialegislativa/2021/6879/pl_250_2021_sandro_maia_dia_do_gestor_publico_municipal.pdf","data_ultima_atualizacao":"2023-04-26T09:24:40.310672-04:00","ip":"172.17.0.1","ultima_edicao":"2023-02-06T12:45:26.674833-04:00","tipo":4,"regime_tramitacao":1,"tipo_origem_externa":4,"local_origem_externa":null,"user":148,"anexadas":[],"autores":[151]}