{"id":6874,"__str__":"Projeto de Lei n\u00ba 245 de 2021","metadata":{},"numero":245,"ano":2021,"numero_protocolo":3293,"data_apresentacao":"2021-05-14","tipo_apresentacao":"E","data_publicacao":null,"numero_origem_externa":"","ano_origem_externa":2021,"data_origem_externa":null,"apelido":"","dias_prazo":null,"data_fim_prazo":null,"em_tramitacao":false,"polemica":null,"objeto":"","complementar":null,"ementa":"INSTITUI o Dia Municipal do Motorista de Uber e d\u00e1 outras provid\u00eancias.","indexacao":"INSTITUI o Dia Municipal do Motorista de Uber e d\u00e1 outras provid\u00eancias.","observacao":"DELIBERA\u00c7\u00c3O: 21/06/2021.\r\nEm 21/06/2021: Segue para an\u00e1lise e emiss\u00e3o de parecer da 2a. CCJR.\r\nPROCURADORIA: 22/06/2021 a 29/06/2021.\r\n2\u00aa CCJR - Relator: Ver. Joelson Silva( 30/06/2021 a 12/07/2021). Na reuni\u00e3o do dia 24/11/2021, foi concedido vistas ao ver. Marcel Alexandre (24/11/2021-01/11/2021)\r\nProjeto ARQUIVADO devido \u00e0 cassa\u00e7\u00e3o do vereador autor pelo Tribunal Regional Eleitoral em 08/02/2022.","resultado":"","texto_original":"http://sapl.cmm.am.gov.br/media/sapl/public/materialegislativa/2021/6874/pl_245_2021_sandro_maia_dia_municipal_do_motorista_de_uber.pdf","data_ultima_atualizacao":"2023-04-26T10:00:00.063024-04:00","ip":"172.23.5.67","ultima_edicao":"2022-03-15T12:35:57.589730-04:00","tipo":4,"regime_tramitacao":1,"tipo_origem_externa":4,"local_origem_externa":null,"user":13,"anexadas":[],"autores":[151]}