{"id":6790,"__str__":"Projeto de Lei n\u00ba 88 de 2017","metadata":{},"numero":88,"ano":2017,"numero_protocolo":null,"data_apresentacao":"2017-03-28","tipo_apresentacao":"E","data_publicacao":null,"numero_origem_externa":"","ano_origem_externa":null,"data_origem_externa":null,"apelido":"Cria\u00e7\u00e3o de mais um cargo de conselheiro","dias_prazo":null,"data_fim_prazo":null,"em_tramitacao":false,"polemica":null,"objeto":"","complementar":null,"ementa":"Disp\u00f5e sobre a cria\u00e7\u00e3o de mais um cargo de Conselheiro para o Conselho Municipal de Cultura.","indexacao":"Disp\u00f5e sobre a cria\u00e7\u00e3o de mais um cargo de Conselheiro para o Conselho Municipal de Cultura.","observacao":"Delibera\u00e7\u00e3o: 10/04/2017.\r\nNa PROCURADORIA: 02/05/2017-08/05/2017. Parecer contr\u00e1rio.\r\nNa 2\u00aaCCJR-Relator: Ver. Dr. Ewerton Wanderley (09/05/2017-17/05/2017). Parecer contr\u00e1rio. \r\nArquivado. Fim de Legislatura. Art. 151, Regimento Interno, em 02/01/2020.\r\nOBS: Projeto tramitou de forma f\u00edsica. Cadastramento feito posteriormente. N\u00e3o inclu\u00edda a movimenta\u00e7\u00e3o no campo \"Tramita\u00e7\u00e3o\".","resultado":"","texto_original":"http://sapl.cmm.am.gov.br/media/sapl/public/materialegislativa/2017/6790/pl_088_2017_texto.pdf","data_ultima_atualizacao":"2021-05-13T06:36:36.403979-04:00","ip":"172.23.0.223","ultima_edicao":"2021-05-13T06:10:56.861057-04:00","tipo":4,"regime_tramitacao":1,"tipo_origem_externa":null,"local_origem_externa":null,"user":101,"anexadas":[],"autores":[13]}