{"id":674,"__str__":"Projeto de Lei n\u00ba 90 de 2020","metadata":{},"numero":90,"ano":2020,"numero_protocolo":182,"data_apresentacao":"2020-04-13","tipo_apresentacao":"E","data_publicacao":null,"numero_origem_externa":"","ano_origem_externa":2020,"data_origem_externa":null,"apelido":"","dias_prazo":null,"data_fim_prazo":null,"em_tramitacao":false,"polemica":null,"objeto":"","complementar":null,"ementa":"\"Disp\u00f5e sobre a obrigatoriedade do uso de m\u00e1scaras de prote\u00e7\u00e3o pelos funcion\u00e1rios de Drogarias, Supermercados,  Hipermercados e similares, e d\u00e1 outras provid\u00eancias.\"","indexacao":"obrigatoriedade\r\n m\u00e1scaras\r\nprote\u00e7\u00e3o\r\nfuncion\u00e1rios\r\ndrogarias\r\nsupermercados\r\nhipermercados\r\nsimilares","observacao":"3\u00aa CFEO - Relator: Ver. Marcel Alexandre. Parecer favor\u00e1vel ao PL e aprovado por unanimidade dos membros na reuni\u00e3o ordin\u00e1ria virtual do dia 15/04/2020 (quarta-feira).\r\n6\u00aa COMSAU - Relator: Ver. Marcelo Serafim. Parecer favor\u00e1vel ao PL e aprovado por totalidade dos presentes,  na 4\u00aa reuni\u00e3o extraordin\u00e1ria virtual do dia\r\n15/04/2020 (quarta-feira).\r\n\r\n\r\nAPROVADO\r\nLei n\u00ba 2.607, de 13 de maio de 2020 - D.O.M. de 13.05.2020 (Ano XXI, Edi\u00e7\u00e3o 4838)","resultado":"","texto_original":"http://sapl.cmm.am.gov.br/media/sapl/public/materialegislativa/2020/674/pl_090_2020_gloria_carratte_dispoe_sobre_obrigatoriedade_do_uso_de_mascaras.pdf","data_ultima_atualizacao":"2024-06-19T13:07:18.153478-04:00","ip":"191.189.3.211","ultima_edicao":"2020-07-01T06:20:47.398808-04:00","tipo":4,"regime_tramitacao":2,"tipo_origem_externa":4,"local_origem_externa":null,"user":12,"anexadas":[],"autores":[17]}