{"id":670,"__str__":"Projeto de Lei n\u00ba 89 de 2020","metadata":{},"numero":89,"ano":2020,"numero_protocolo":179,"data_apresentacao":"2020-04-13","tipo_apresentacao":"E","data_publicacao":null,"numero_origem_externa":"","ano_origem_externa":2020,"data_origem_externa":null,"apelido":"","dias_prazo":null,"data_fim_prazo":null,"em_tramitacao":false,"polemica":null,"objeto":"","complementar":null,"ementa":"Institui a Semana Municipal de combate, conscientiza\u00e7\u00e3o e preven\u00e7\u00e3o para os casos de viol\u00eancia contra profissionais da educa\u00e7\u00e3o ocorridos nas unidades educacionais.","indexacao":"Semana\r\nMunicipal\r\ncombate\r\npreven\u00e7\u00e3o\r\nviol\u00eancia\r\nprofissionais\r\neduca\u00e7\u00e3o\r\nunidades\r\neducacionais","observacao":"Procuradoria: (15/04/2020-21/04/2020) Parecer favor\u00e1vel\r\nNa 2\u00aa CCJR- RELATOR: Ver. Prof. Jacqueline (21/04/2020-29/04/2020). Parecer favor\u00e1vel. Aprovado o parecer favor\u00e1vel por unamimidade dos membros, na reuni\u00e3o virtual do dia 14/10/2020.","resultado":"","texto_original":"http://sapl.cmm.am.gov.br/media/sapl/public/materialegislativa/2020/670/pl_089_2020_combate_a_violencia_aos_profissionais_da_educacao.pdf","data_ultima_atualizacao":"2023-06-27T09:48:36.274848-04:00","ip":"191.31.61.113","ultima_edicao":"2020-10-15T08:30:05.948703-04:00","tipo":4,"regime_tramitacao":1,"tipo_origem_externa":4,"local_origem_externa":null,"user":15,"anexadas":[],"autores":[20]}