{"id":650,"__str__":"Projeto de Lei n\u00ba 82 de 2020","metadata":{},"numero":82,"ano":2020,"numero_protocolo":159,"data_apresentacao":"2020-04-08","tipo_apresentacao":"E","data_publicacao":null,"numero_origem_externa":"","ano_origem_externa":2020,"data_origem_externa":null,"apelido":"","dias_prazo":null,"data_fim_prazo":null,"em_tramitacao":false,"polemica":false,"objeto":"Covid-19","complementar":false,"ementa":"INSTITUI o \u201cDia Municipal de Combate e Enfrentamento ao Novo Corona V\u00edrus (COVID-19)\u201d e d\u00e1 outra provid\u00eancias.","indexacao":"Dia\r\ncombate\r\nenfrentamento\r\nNovo Corona V\u00edrus (COVID-19)","observacao":"Delibera\u00e7\u00e3o: reuni\u00e3o virtual de 13.04.2020. Encaminhado para a 2\u00aa CCJR.\r\n2\u00aa CCJR - Encaminhado para a Procuradoria que exarou parecer favor\u00e1vel \u00e0 mat\u00e9ria. Na reuni\u00e3o virtual de 06.05.2020 foi aprovado o parecer FAVOR\u00c1VEL  pela totalidade dos presentes.\r\n3\u00aa CFEO - Relator: Ver. Rosinaldo Bual. Na reuni\u00e3o ordin\u00e1ria virtual de 06.05.2020 (quarta-feira) foi aprovado o parecer FAVOR\u00c1VEL  por unanimidade dos membros.\r\nNo PLEN\u00c1RIO - Na reuni\u00e3o virtual do dia 11.05.2020 o Plen\u00e1rio acatou os pareceres da 2\u00aa CCJR e 3\u00aa CFEO e, em seguida, aprovou a mat\u00e9ria em 1\u00aa discuss\u00e3o. Na reuni\u00e3o virtual de 12.05.2020 a mat\u00e9ria foi aprovada em 2\u00aa discuss\u00e3o e encaminhada \u00e0 san\u00e7\u00e3o do senhor Prefeito.\r\nAPROVADA","resultado":"","texto_original":"http://sapl.cmm.am.gov.br/media/sapl/public/materialegislativa/2020/650/pl_082_2020_elias_emanuel_dia_de_enfrentamento_ao_corona_virus.pdf","data_ultima_atualizacao":"2024-06-20T09:10:37.757750-04:00","ip":"172.23.1.13","ultima_edicao":"2020-06-16T06:00:45.774942-04:00","tipo":4,"regime_tramitacao":1,"tipo_origem_externa":4,"local_origem_externa":null,"user":27,"anexadas":[],"autores":[6]}