{"id":643,"__str__":"Projeto de Lei n\u00ba 78 de 2020","metadata":{},"numero":78,"ano":2020,"numero_protocolo":152,"data_apresentacao":"2020-04-07","tipo_apresentacao":"E","data_publicacao":null,"numero_origem_externa":"","ano_origem_externa":2020,"data_origem_externa":null,"apelido":"","dias_prazo":null,"data_fim_prazo":null,"em_tramitacao":false,"polemica":false,"objeto":"Semana Municipal Combate","complementar":false,"ementa":"Fica institu\u00eddo no Calend\u00e1rio Oficial a Semana Municipal de combate, conscientiza\u00e7\u00e3o e preven\u00e7\u00e3o ao transtorno de ansiedade generalizada provocados no ambiente escolar.","indexacao":"Calend\u00e1rio Oficial\r\ncombate\r\npreven\u00e7\u00e3o\r\ntranstorno\r\nansiedade\r\ngeneralizada\r\nambiente\r\nescolar","observacao":"Delibera\u00e7\u00e3o: reuni\u00e3o virtual de 12.05.2020.\r\nProcuradoria: 13/05/2020 Parecer contr\u00e1rio\r\n2\u00aa CCJR - Relator: Prof.\u00aa Jacqueline (18/05/2020-27/05/2020): Parecer contr\u00e1rio. Aprovado o parecer contr\u00e1rio pela totalidade dos presentes na reuni\u00e3o virtual do dia 27/10/2020.\r\nEm 04/01/2021: Propositura arquivada por for\u00e7a do artigo 151 do Regimento Interno da C\u00e2mara.","resultado":"","texto_original":"http://sapl.cmm.am.gov.br/media/sapl/public/materialegislativa/2020/643/pl_078_2020_gedeao_amorim_combate_ao_transtorno_de_ansiedade_escolar.pdf","data_ultima_atualizacao":"2023-06-27T09:48:36.268085-04:00","ip":"172.23.4.225","ultima_edicao":"2021-03-09T07:43:59.323796-04:00","tipo":4,"regime_tramitacao":1,"tipo_origem_externa":4,"local_origem_externa":null,"user":38,"anexadas":[],"autores":[20]}