{"id":6429,"__str__":"Consultar Requerimentos dos anos anteriores a 2023 n\u00ba 2144 de 2021","metadata":{},"numero":2144,"ano":2021,"numero_protocolo":2862,"data_apresentacao":"2021-05-05","tipo_apresentacao":"","data_publicacao":null,"numero_origem_externa":"","ano_origem_externa":null,"data_origem_externa":null,"apelido":"","dias_prazo":null,"data_fim_prazo":null,"em_tramitacao":true,"polemica":null,"objeto":"","complementar":null,"ementa":"Requer da Secretaria Municipal de Servi\u00e7os de Infraestrutura SEMINF, solicita\u00e7\u00e3o de pra\u00e7a na Avenida das Flores, entre Conjunto Galileia e Conjunto Nova Cidade.","indexacao":"","observacao":"","resultado":"","texto_original":"http://sapl.cmm.am.gov.br/media/sapl/public/materialegislativa/2021/6429/req_216.pdf","data_ultima_atualizacao":"2021-05-22T09:03:36.370999-04:00","ip":"","ultima_edicao":null,"tipo":2,"regime_tramitacao":1,"tipo_origem_externa":null,"local_origem_externa":null,"user":null,"anexadas":[],"autores":[143]}