{"id":641,"__str__":"Projeto de Lei n\u00ba 76 de 2020","metadata":{},"numero":76,"ano":2020,"numero_protocolo":150,"data_apresentacao":"2020-04-07","tipo_apresentacao":"E","data_publicacao":null,"numero_origem_externa":"","ano_origem_externa":2020,"data_origem_externa":null,"apelido":"","dias_prazo":null,"data_fim_prazo":null,"em_tramitacao":false,"polemica":false,"objeto":"Rede p\u00fablica de sa\u00fade","complementar":false,"ementa":"DISP\u00d5E sobre a publica\u00e7\u00e3o, na internet, da lista de espera dos pacientes que aguardam por consultas, discriminadas por especialidade, exames e interven\u00e7\u00f5es cir\u00fargicas e outros procedimentos nos estabelecimentos da rede p\u00fablica de sa\u00fade do munic\u00edpio, e d\u00e1 outras provid\u00eancias.","indexacao":"internet\r\nlista\r\npacientes\r\nconsultas\r\nespecialidades\r\nexames e interven\u00e7\u00f5es\r\ncirurgicas","observacao":"Delibera\u00e7\u00e3o: sess\u00e3o plen\u00e1ria virtual de 28.04.2020\r\nNa PROCURADORIA: (28.04.2020). A Procuradoria exarou parecer contr\u00e1rio \u00e0 mat\u00e9ria.\r\nNa 2\u00aa CCJR \u2013 RELATOR: Ver. Dante (30.2020). Na reuni\u00e3o virtual de 20.05.2020 foi aprovado o parecer contr\u00e1rio pela totalidade dos presentes.\r\nNo PLEN\u00c1RIO: Na reuni\u00e3o extraordin\u00e1ria virtual do dia 22.06.2020 foi lido o despacho do Presidente da C\u00e2mara determinando o arquivamento da mat\u00e9ria, tendo o autor o prazo de cinco dias \u00fateis para recorrer, com base no \u00a7 1.\u00ba do art. 38 do Regimento Interno. O prazo do autor ou do l\u00edder para recorrer encerra em 29.06.2020. Como n\u00e3o houve recurso, a material foi arquivada. \r\nREJEITADO (PELA 2\u00aa CCJR).","resultado":"","texto_original":"http://sapl.cmm.am.gov.br/media/sapl/public/materialegislativa/2020/641/pl_076_2020_amauri_colares_publicacao_na_internet_da_lista_de_espera_dos_pacientes_semsa_-_assinado.pdf","data_ultima_atualizacao":"2020-06-30T12:49:24.062774-04:00","ip":"177.158.248.155","ultima_edicao":"2020-06-30T12:33:16.973854-04:00","tipo":4,"regime_tramitacao":1,"tipo_origem_externa":4,"local_origem_externa":null,"user":95,"anexadas":[],"autores":[12]}