{"id":627,"__str__":"Projeto de Lei n\u00ba 71 de 2020","metadata":{},"numero":71,"ano":2020,"numero_protocolo":136,"data_apresentacao":"2020-04-06","tipo_apresentacao":"E","data_publicacao":null,"numero_origem_externa":"","ano_origem_externa":2020,"data_origem_externa":null,"apelido":"","dias_prazo":null,"data_fim_prazo":null,"em_tramitacao":false,"polemica":null,"objeto":"","complementar":null,"ementa":"INCLUI os Motoristas e Cobradores do Transporte Coletivo Urbano, rasteleiros, Garis e os lixeiros nos grupos priorit\u00e1rios para imuniza\u00e7\u00e3o contra o v\u00edrus Influenza (H1N1), no \u00e2mbito do munic\u00edpio de Manaus e d\u00e1 outras provid\u00eancias.","indexacao":"Motoristas\r\nColaboradores\r\nTransporte Coletivo Urbano\r\nrasteleiros\r\ngaris\r\nlixeiros\r\ngrupos priorit\u00e1rios\r\nimuniza\u00e7\u00e3o\r\nv\u00edrus \r\ninfluenza (H1N1)","observacao":"Retirado de tramita\u00e7\u00e3o pelo autor por meio do MEMORANDO N\u00ba 016 / 2020 - GVJO / CMM","resultado":"","texto_original":"http://sapl.cmm.am.gov.br/media/sapl/public/materialegislativa/2020/627/pl_071_2020_jaildo_oliveira.pdf","data_ultima_atualizacao":"2020-06-03T05:13:12.810568-04:00","ip":"191.31.50.137","ultima_edicao":"2020-06-03T05:13:12.807732-04:00","tipo":4,"regime_tramitacao":1,"tipo_origem_externa":4,"local_origem_externa":null,"user":15,"anexadas":[],"autores":[22]}