{"id":602,"__str__":"Projeto de Lei n\u00ba 61 de 2020","metadata":{},"numero":61,"ano":2020,"numero_protocolo":118,"data_apresentacao":"2020-03-27","tipo_apresentacao":"","data_publicacao":null,"numero_origem_externa":"","ano_origem_externa":null,"data_origem_externa":null,"apelido":"","dias_prazo":null,"data_fim_prazo":null,"em_tramitacao":false,"polemica":null,"objeto":"Cobran\u00e7a de Agu\u00e1","complementar":null,"ementa":"Fica Vetada a cobran\u00e7a de \u00e1gua e energia el\u00e9trica de hospitais p\u00fablicos, clinicas filantr\u00f3picos e clinicas de hemodi\u00e1lise do Munic\u00edpio de Manaus, e d\u00e1 outras provid\u00eancias.","indexacao":"Veta\r\nCobran\u00e7a\r\n\u00c1gua\r\nEnergia el\u00e9trica\r\nHospitais\r\nCl\u00ednicas\r\nHemodi\u00e1lise","observacao":"Delibera\u00e7\u00e3o: reuni\u00e3o plen\u00e1ria virtual 30.03.2020.\r\n2\u00aa CCJR - A Procurdoria exarou parecer contr\u00e1rio \u00e0 mat\u00e9ria. Na reuni\u00e3o do dia 22.04.2020 foi aprovado o parecer contr\u00e1rio pela totalidade dos presentes.\r\nNo PLEN\u00c1RIO: Na reuni\u00e3o extraordin\u00e1ria virtual do dia 28.04.2020 foi lido o despacho do Presidente da C\u00e2mara determinando o arquivamento da mat\u00e9ria. Prazo para recurso: 06.05.2020. Como n\u00e3o houve manifesta\u00e7\u00e3o do autor a mat\u00e9ria foi arquivada. Entregue ao Servi\u00e7o de Arquivo Legislativo para ser arquivado em 13.05.2020 pelo SAPL.\r\nREJEITADO PELA 2\u00aa CCJR.\r\nARQUIVADO\r\nTransformado na Indica\u00e7\u00e3o n\u00ba 121/2020.","resultado":"","texto_original":"http://sapl.cmm.am.gov.br/media/sapl/public/materialegislativa/2020/602/pl_061_2020_isaac_veta_cobranca_agua_e_energia.pdf","data_ultima_atualizacao":"2020-05-13T07:52:59.382375-04:00","ip":"191.189.23.211","ultima_edicao":"2020-05-13T07:51:02.565882-04:00","tipo":4,"regime_tramitacao":1,"tipo_origem_externa":null,"local_origem_externa":null,"user":12,"anexadas":[],"autores":[24]}