{"id":601,"__str__":"Projeto de Lei n\u00ba 179 de 2019","metadata":{},"numero":179,"ano":2019,"numero_protocolo":null,"data_apresentacao":"2019-08-05","tipo_apresentacao":"E","data_publicacao":null,"numero_origem_externa":"","ano_origem_externa":null,"data_origem_externa":null,"apelido":"","dias_prazo":null,"data_fim_prazo":null,"em_tramitacao":false,"polemica":false,"objeto":"Pessoas com defici\u00eancia","complementar":false,"ementa":"INSTITUI no Calend\u00e1rio Oficial da Cidade de Manaus, o M\u00eas de Conscientiza\u00e7\u00e3o e Inclus\u00e3o Social das Pessoas com Defici\u00eancia, denominado Setembro\r\nVerde.","indexacao":"Inclus\u00e3o\r\nSocial\r\nConscientiza\u00e7\u00e3o\r\nPessoa\r\nDefici\u00eancia\r\nSetembro\r\nVerde\r\nCalend\u00e1rio","observacao":"Sess\u00e3o Plen\u00e1ria Virtual de 24.03.2020\r\nAPROVADO\r\nSAN\u00c7\u00c3O","resultado":"","texto_original":"http://sapl.cmm.am.gov.br/media/sapl/public/materialegislativa/2019/601/projeto_de_lei_n._179-2019_fransua_integral.pdf","data_ultima_atualizacao":"2024-06-19T12:57:45.979437-04:00","ip":"187.99.234.245","ultima_edicao":"2020-03-26T15:13:53.754066-04:00","tipo":4,"regime_tramitacao":1,"tipo_origem_externa":null,"local_origem_externa":null,"user":12,"anexadas":[],"autores":[19]}