{"id":599,"__str__":"Projeto de Lei n\u00ba 280 de 2019","metadata":{},"numero":280,"ano":2019,"numero_protocolo":null,"data_apresentacao":"2019-10-15","tipo_apresentacao":"E","data_publicacao":null,"numero_origem_externa":"","ano_origem_externa":null,"data_origem_externa":null,"apelido":"","dias_prazo":null,"data_fim_prazo":null,"em_tramitacao":false,"polemica":false,"objeto":"Dia Municipal","complementar":false,"ementa":"INSTITUI o Dia Municipal de Conscientiza\u00e7\u00e3o sobre a Esclerose M\u00faltipla","indexacao":"","observacao":"Dia\r\nConscientiza\u00e7\u00e3o\r\nEsclerose\r\nM\u00faltipla","resultado":"","texto_original":"http://sapl.cmm.am.gov.br/media/sapl/public/materialegislativa/2019/599/pl_280.2019.pdf","data_ultima_atualizacao":"2024-06-19T12:37:36.801378-04:00","ip":"172.23.0.201","ultima_edicao":"2020-03-26T06:37:50.367696-04:00","tipo":4,"regime_tramitacao":1,"tipo_origem_externa":null,"local_origem_externa":null,"user":20,"anexadas":[],"autores":[6]}