{"id":5752,"__str__":"Projeto de Lei n\u00ba 165 de 2021","metadata":{},"numero":165,"ano":2021,"numero_protocolo":2187,"data_apresentacao":"2021-04-19","tipo_apresentacao":"E","data_publicacao":null,"numero_origem_externa":"","ano_origem_externa":2021,"data_origem_externa":null,"apelido":"","dias_prazo":null,"data_fim_prazo":null,"em_tramitacao":false,"polemica":null,"objeto":"","complementar":null,"ementa":"INSTITUI o Programa de Valoriza\u00e7\u00e3o de Protetores e Cuidadores de Animais soltos ou abandonados no munic\u00edpio de Manaus, o fornecimento de aux\u00edlio de subsist\u00eancia desses animais e d\u00e1 outras provid\u00eancias.","indexacao":"INSTITUI o Programa de Valoriza\u00e7\u00e3o de Protetores e Cuidadores de Animais soltos ou abandonados no munic\u00edpio de Manaus, o fornecimento de aux\u00edlio de subsist\u00eancia desses animais e d\u00e1 outras provid\u00eancias.","observacao":"DELIBERA\u00c7\u00c3O: 05/05/2021.\r\nEm 05/05/2021: Segue para an\u00e1lise e emiss\u00e3o de parecer da 2a. CCJR.\r\nPROCURADORIA: 07/05/2021 a 14/05/2021\r\n2\u00aa CCJR-RELATOR: Ver. Bessa (02/08/2021-10/08/2021). Parecer favor\u00e1vel. Rejeitado o parecer do relator e aprovado o parecer contr\u00e1rio da comiss\u00e3o por maioria dos presentes, com voto contr\u00e1rio do Vereador Bessa, na reuni\u00e3o presencial do dia 29/09/2021.\r\nNo PLEN\u00c1RIO: Na reuni\u00e3o ordin\u00e1ria do dia 14/03/2022, foi feita a leitura do despacho do Presidente da C\u00e2mara determinando o arquivamento da mat\u00e9ria, conforme par\u00e1grafo 1\u00ba do art. 38, do Regimento Interno, por ter recebido parecer CONTR\u00c1RIO da 2a. Comiss\u00e3o. Aberto o prazo regimental de 5 dias \u00fateis para recurso. Prazo: 14/03/2022 a 18/03/2022.\r\nEm 27/05/2022: Decorrido o prazo do parag. 1\u00ba do art. 38 do Regimento Interno.\r\nProposi\u00e7\u00e3o ARQUIVADA.","resultado":"","texto_original":"http://sapl.cmm.am.gov.br/media/sapl/public/materialegislativa/2021/5752/pl_165_2021_kennedy_marques.pdf","data_ultima_atualizacao":"2023-06-21T12:05:22.229937-04:00","ip":"172.23.4.225","ultima_edicao":"2022-05-27T10:49:18.784792-04:00","tipo":4,"regime_tramitacao":1,"tipo_origem_externa":4,"local_origem_externa":null,"user":38,"anexadas":[],"autores":[144]}