{"id":5693,"__str__":"Projeto de Emenda \u00e0 Loman n\u00ba 2 de 2021","metadata":{},"numero":2,"ano":2021,"numero_protocolo":2128,"data_apresentacao":"2021-04-19","tipo_apresentacao":"E","data_publicacao":null,"numero_origem_externa":"","ano_origem_externa":2021,"data_origem_externa":null,"apelido":"","dias_prazo":null,"data_fim_prazo":null,"em_tramitacao":false,"polemica":null,"objeto":"","complementar":null,"ementa":"ACRESCENTA o inciso VI ao Art.  261 da Lei Org\u00e2nica do Munic\u00edpio de Manaus \u2013 Loman, que trata da isen\u00e7\u00e3o de tarifa nos transportes coletivos urbanos.\u201d.","indexacao":"ACRESCENTA o inciso VI ao Art.  261 da Lei Org\u00e2nica do Munic\u00edpio de Manaus \u2013 Loman, que trata da isen\u00e7\u00e3o de tarifa nos transportes coletivos urbanos.\u201d.","observacao":"DELIBERA\u00c7\u00c3O: 26/04/2021.\r\nEm 26/04/2021: Segue para an\u00e1lise e emiss\u00e3o de parecer da 2a. CCJR.\r\nProcuradoria: 27/04/2021-04/05/2021. Parecer favor\u00e1vel\r\n2\u00aa CCJR-RELATOR: Ver. Dr. Eduardo Assis (28/06/2021-06/07/2021). Aprovado o parecer favor\u00e1vel pela totalidade dos presentes na reuni\u00e3o presencial do dia 28/06/2021.\r\nNo PLEN\u00c1RIO: Na reuni\u00e3o ordin\u00e1ria do dia 30/06/2021, foi aprovado o parecer favor\u00e1vel da 2\u00aa Comiss\u00e3o. Projeto encaminhado \u00e0 3\u00aa Comiss\u00e3o para an\u00e1lise e emiss\u00e3o de parecer.\r\n3\u00aa CFEO - RELATOR: Ver. Lissandro Breval ( 05/07/2021 - 13/07/2021). Aprovado o parecer favor\u00e1vel pela unanimidade dos membros, na Reuni\u00e3o Extraordin\u00e1ria Virtual do dia 17/08/2021.\r\nNo PLEN\u00c1RIO: Na reuni\u00e3o ordin\u00e1ria do dia 22/09/2021, foi aprovado o parecer favor\u00e1vel da 3\u00aa Comiss\u00e3o. Projeto encaminhado \u00e0 8\u00aa Comiss\u00e3o para an\u00e1lise e emiss\u00e3o de parecer.\r\n8\u00aa COMTUA: Relator(a): Ver.\u00aa Gl\u00f3ria Carratte - Aprovado o parecer FAVOR\u00c1VEL pela TOTALIDADE dos presentes, na Reuni\u00e3o Extraordin\u00e1ria Presencial do dia 08/11/2021.\r\nEm 08/01/2025: Encerrada a 18\u00aa Legislatura, Propositura ARQUIVADA por for\u00e7a do artigo 151 do Regimento Interno da C\u00e2mara, que prev\u00ea, que finda a Legislatura, ser\u00e3o arquivadas todas as proposituras deliberadas e n\u00e3o solucionadas.","resultado":"","texto_original":"http://sapl.cmm.am.gov.br/media/sapl/public/materialegislativa/2021/5693/pel_002_2021_david_reis.pdf","data_ultima_atualizacao":"2025-01-08T12:50:02.544225-04:00","ip":"172.23.5.15","ultima_edicao":"2025-01-08T12:49:53.417435-04:00","tipo":6,"regime_tramitacao":1,"tipo_origem_externa":6,"local_origem_externa":null,"user":182,"anexadas":[],"autores":[5]}