{"id":556,"__str__":"Projeto de Lei n\u00ba 51 de 2020","metadata":{},"numero":51,"ano":2020,"numero_protocolo":77,"data_apresentacao":"2020-03-18","tipo_apresentacao":"E","data_publicacao":null,"numero_origem_externa":"","ano_origem_externa":null,"data_origem_externa":null,"apelido":"","dias_prazo":null,"data_fim_prazo":null,"em_tramitacao":false,"polemica":null,"objeto":"escolas da rede p\u00fablica","complementar":false,"ementa":"DISP\u00d5E sobre o turismo pedag\u00f3gico nas escolas da Rede P\u00fablica Municipal da \tcidade de Manaus.","indexacao":"turismo pedag\u00f3gico\r\nescolas\r\nrede p\u00fablica","observacao":"Delibera\u00e7\u00e3o: reuni\u00e3o plen\u00e1ria virtual de 25.03.2020.\r\nNa PROCURADORIA: (25.03.2020). A Procuradoria exarou parecer contr\u00e1rio \u00e0 mat\u00e9ria.\r\nNa 2\u00aa CCJR \u2013 RELATOR: Ver\u00aa. Prof.\u00aa Jacqueline (22.04.2020). Na reuni\u00e3o virtual de 20.05.2020 foi aprovado o parecer contr\u00e1rio pela totalidade dos presentes.\r\nNo PLEN\u00c1RIO: Na reuni\u00e3o extraordin\u00e1ria virtual do dia 22.06.2020 foi lido o despacho do Presidente da C\u00e2mara determinando o arquivamento da mat\u00e9ria, tendo o autor o prazo de cinco dias \u00fateis para recorrer, com base no \u00a7 1.\u00ba do art. 38 do Regimento Interno. O prazo do autor ou do l\u00edder para recorrer encerra em 29.06.2020. Como n\u00e3o houve recurso, a material foi arquivada. \r\nREJEITADO (PELA 2\u00aa CCJR).","resultado":"","texto_original":"http://sapl.cmm.am.gov.br/media/sapl/public/materialegislativa/2020/556/pl_051_2020_gedeao_amorim_pdf.pdf","data_ultima_atualizacao":"2020-06-30T12:48:33.450670-04:00","ip":"177.158.248.155","ultima_edicao":"2020-06-30T12:39:21.257034-04:00","tipo":4,"regime_tramitacao":1,"tipo_origem_externa":null,"local_origem_externa":null,"user":95,"anexadas":[],"autores":[20]}