{"id":52655,"__str__":"Veto n\u00ba 4 de 2026","metadata":{},"numero":4,"ano":2026,"numero_protocolo":null,"data_apresentacao":"2026-04-14","tipo_apresentacao":"","data_publicacao":null,"numero_origem_externa":"","ano_origem_externa":null,"data_origem_externa":null,"apelido":"","dias_prazo":null,"data_fim_prazo":null,"em_tramitacao":true,"polemica":false,"objeto":"","complementar":false,"ementa":"VETO TOTAL ao Projeto de Lei 029/2025, de autoria do Vereador Marco Ant\u00f4nio Andrade Castilhos Filho que \u201cDISP\u00d5E sobre a prote\u00e7\u00e3o do direito a educa\u00e7\u00e3o das pessoas com defici\u00eancia nas institui\u00e7\u00f5es privadas de ensino localizadas no munic\u00edpio de Manaus e da outras disposi\u00e7\u00f5es\u201d. Mensagem n.14/2026","indexacao":"VETO TOTAL ao Projeto de Lei 029/2025, de autoria do Vereador Marco Ant\u00f4nio Andrade Castilhos Filho que \u201cDISP\u00d5E sobre a prote\u00e7\u00e3o do direito a educa\u00e7\u00e3o das pessoas com defici\u00eancia nas institui\u00e7\u00f5es privadas de ensino localizadas no munic\u00edpio de Manaus e da outras disposi\u00e7\u00f5es\u201d. Mensagem n.14/2026","observacao":"Veto para conhecimento dos vereadores.\r\nLido em PLEN\u00c1RIO: 15/04/2026. \r\nEm 15/04/2026: Segue \u00e0 2\u00aa Comiss\u00e3o de Constitui\u00e7\u00e3o, Justi\u00e7a e Reda\u00e7\u00e3o para an\u00e1lise e emiss\u00e3o de parecer.\r\nPROCURADORIA: 27/04/2026-04/05/2026","resultado":"","texto_original":"http://sapl.cmm.am.gov.br/media/sapl/public/materialegislativa/2026/52655/vt_004_pl_029-2025_ver_marco_mens14_2026.pdf","data_ultima_atualizacao":"2026-04-27T15:11:42.105617-04:00","ip":"172.23.0.249","ultima_edicao":"2026-04-27T15:11:04.613899-04:00","tipo":8,"regime_tramitacao":1,"tipo_origem_externa":null,"local_origem_externa":null,"user":31,"anexadas":[51295],"autores":[106]}