{"id":52654,"__str__":"Veto n\u00ba 3 de 2026","metadata":{},"numero":3,"ano":2026,"numero_protocolo":null,"data_apresentacao":"2026-04-14","tipo_apresentacao":"","data_publicacao":null,"numero_origem_externa":"","ano_origem_externa":null,"data_origem_externa":null,"apelido":"","dias_prazo":null,"data_fim_prazo":null,"em_tramitacao":true,"polemica":false,"objeto":"","complementar":false,"ementa":"VETO TOTAL ao Projeto de Lei n. 443/2023, de autoria do Vereador Dione Carvalho dos Santos que \u201cDISP\u00d5E sobre a instala\u00e7\u00e3o de banheiros p\u00fablicos para o uso social de pessoas em situa\u00e7\u00e3o de rua no \u00e2mbito do munic\u00edpio de Manaus\u201d. Mensagem n.13/2026.","indexacao":"VETO TOTAL ao Projeto de Lei n. 443/2023, de autoria do Vereador Dione Carvalho dos Santos que \u201cDISP\u00d5E sobre a instala\u00e7\u00e3o de banheiros p\u00fablicos para o uso social de pessoas em situa\u00e7\u00e3o de rua no \u00e2mbito do munic\u00edpio de Manaus\u201d. Mensagem n.13/2026.","observacao":"Veto para conhecimento dos vereadores.\r\nLido em PLEN\u00c1RIO: 15/04/2026. \r\nEm 15/04/2026: Segue \u00e0 2\u00aa Comiss\u00e3o de Constitui\u00e7\u00e3o, Justi\u00e7a e Reda\u00e7\u00e3o para an\u00e1lise e emiss\u00e3o de parecer.\r\nPROCURADORIA: 27/04/2026-04/05/2026","resultado":"","texto_original":"http://sapl.cmm.am.gov.br/media/sapl/public/materialegislativa/2026/52654/vt_003_pl_443-2023_ver_dione_mens13_2026.pdf","data_ultima_atualizacao":"2026-04-27T15:10:41.364982-04:00","ip":"172.23.0.249","ultima_edicao":"2026-04-27T15:10:10.496298-04:00","tipo":8,"regime_tramitacao":1,"tipo_origem_externa":null,"local_origem_externa":null,"user":31,"anexadas":[50436],"autores":[106]}