{"id":52653,"__str__":"Veto n\u00ba 2 de 2026","metadata":{},"numero":2,"ano":2026,"numero_protocolo":null,"data_apresentacao":"2026-04-14","tipo_apresentacao":"","data_publicacao":null,"numero_origem_externa":"","ano_origem_externa":null,"data_origem_externa":null,"apelido":"","dias_prazo":null,"data_fim_prazo":null,"em_tramitacao":true,"polemica":false,"objeto":"","complementar":false,"ementa":"VETO PARCIAL ao Projeto de Lei n. 044/2025, de autoria do Vereador Ubirajara Rosses do Nascimento J\u00fanior que \"INSTITUI o Dia do Auxiliar de Servi\u00e7os Gerais e Disp\u00f5e sobre medidas de capacita\u00e7\u00e3o, valoriza\u00e7\u00e3o e seguran\u00e7a desses profissionais no \u00e2mbito do munic\u00edpio de Manaus.\u201d Mensagem n.12/2026.","indexacao":"VETO PARCIAL ao Projeto de Lei n. 044/2025, de autoria do Vereador Ubirajara Rosses do Nascimento J\u00fanior que \"INSTITUI o Dia do Auxiliar de Servi\u00e7os Gerais e Disp\u00f5e sobre medidas de capacita\u00e7\u00e3o, valoriza\u00e7\u00e3o e seguran\u00e7a desses profissionais no \u00e2mbito do munic\u00edpio de Manaus.\u201d Mensagem n.12/2026.","observacao":"Veto para conhecimento dos vereadores.\r\nLido em PLEN\u00c1RIO: 15/04/2026. \r\nEm 15/04/2026: Segue \u00e0 2\u00aa Comiss\u00e3o de Constitui\u00e7\u00e3o, Justi\u00e7a e Reda\u00e7\u00e3o para an\u00e1lise e emiss\u00e3o de parecer.\r\nPROCURADORIA: 27/04/2026-04/05/2026","resultado":"","texto_original":"http://sapl.cmm.am.gov.br/media/sapl/public/materialegislativa/2026/52653/vt_002_pl_144-2025_ver_ubirajara_mens12_2026.pdf","data_ultima_atualizacao":"2026-04-27T15:09:35.415427-04:00","ip":"172.23.0.249","ultima_edicao":"2026-04-27T15:08:59.741331-04:00","tipo":8,"regime_tramitacao":1,"tipo_origem_externa":null,"local_origem_externa":null,"user":31,"anexadas":[51310],"autores":[106]}