{"id":52575,"__str__":"Projeto de Decreto Legislativo n\u00ba 5 de 2026","metadata":{},"numero":5,"ano":2026,"numero_protocolo":null,"data_apresentacao":"2026-03-19","tipo_apresentacao":"","data_publicacao":null,"numero_origem_externa":"","ano_origem_externa":null,"data_origem_externa":null,"apelido":"","dias_prazo":null,"data_fim_prazo":null,"em_tramitacao":true,"polemica":false,"objeto":"","complementar":false,"ementa":"CONCEDE o Diploma de Cidad\u00e3o de Manaus ao Sr. Eduardo C\u00e9sar Pereira Vilar, e d\u00e1 outras provid\u00eancias.","indexacao":"CONCEDE o Diploma de Cidad\u00e3o de Manaus ao Sr. Eduardo C\u00e9sar Pereira Vilar, e d\u00e1 outras provid\u00eancias.\r\nArt. 1\u00ba Fica concedido o Diploma de Cidad\u00e3o de Manaus ao Senhor Eduardo C\u00e9sar Pereira Vilar, advogado e psicanalista, fundador do Instituto Eduardo Vilar, com base no art. 173, inciso III, do Regimento Interno da C\u00e2mara Municipal de Manaus, como reconhecimento pelos relevantes servi\u00e7os prestados \u00e0 sociedade manauara.","observacao":"DELIBERA\u00c7\u00c3O: 23/03/2026. \r\nEm 23/03/2026: Segue para an\u00e1lise e emiss\u00e3o de parecer da Comiss\u00e3o Especial de Comendas.\r\nCOMEC: Relator: vereador Jaildo Oliveira  (08.04.2026 - 20.04.2026). Aguardando elabora\u00e7\u00e3o de parecer do relator.","resultado":"","texto_original":"http://sapl.cmm.am.gov.br/media/sapl/public/materialegislativa/2026/52575/pdl_005_2026_ver_aldenor_lima_cidadao_de_manaus_eduardo_cesar_pereira_vilar.pdf","data_ultima_atualizacao":"2026-04-08T12:50:10.234992-04:00","ip":"172.23.0.186","ultima_edicao":"2026-04-08T12:50:09.999649-04:00","tipo":7,"regime_tramitacao":1,"tipo_origem_externa":null,"local_origem_externa":null,"user":172,"anexadas":[],"autores":[269]}