{"id":52563,"__str__":"Projeto de Lei n\u00ba 352 de 2026","metadata":{},"numero":352,"ano":2026,"numero_protocolo":null,"data_apresentacao":"2026-03-19","tipo_apresentacao":"","data_publicacao":null,"numero_origem_externa":"","ano_origem_externa":null,"data_origem_externa":null,"apelido":"","dias_prazo":null,"data_fim_prazo":null,"em_tramitacao":true,"polemica":false,"objeto":"","complementar":false,"ementa":"INSTITUI o Censo Municipal das Pessoas com Transtorno do Espectro Autista (TEA) e de outras Pessoas At\u00edpicas no Munic\u00edpio de Manaus e d\u00e1 outras provid\u00eancias.","indexacao":"INSTITUI o Censo Municipal das Pessoas com Transtorno do Espectro Autista (TEA) e de outras Pessoas At\u00edpicas no Munic\u00edpio de Manaus e d\u00e1 outras provid\u00eancias. \r\nArt. 1\u00ba Fica institu\u00eddo, no \u00e2mbito do Munic\u00edpio de Manaus, o Censo Municipal das Pessoas com Transtorno do Espectro Autista (TEA) e de outras Pessoas At\u00edpicas, com o objetivo prec\u00edpuo de identificar, mapear e produzir dados quantitativos e qualitativos atualizados sobre o perfil socioecon\u00f4mico, demogr\u00e1fico, educacional, de sa\u00fade, laboral e territorial dessas popula\u00e7\u00f5es, visando \u00e0 promo\u00e7\u00e3o da inclus\u00e3o plena, \u00e0 garantia de direitos e \u00e0 melhoria da qualidade de vida no contexto municipal.","observacao":"NO PLEN\u00c1RIO: Na reuni\u00e3o ordin\u00e1ria de 13/04/2026, o Projeto entrou na pauta para delibera\u00e7\u00e3o, mas n\u00e3o foi deliberado devido \u00e0 aus\u00eancia do autor. Aguarda pr\u00f3xima inclus\u00e3o em pauta.\r\nDELIBERA\u00c7\u00c3O: 15/04/2026. \r\nEm 15/04/2026: Segue para an\u00e1lise e emiss\u00e3o de parecer da 2a. CCJR.\r\nPROCURADORIA LEGISLATIVA: 17/04/2026- 28/04/2026","resultado":"","texto_original":"http://sapl.cmm.am.gov.br/media/sapl/public/materialegislativa/2026/52563/pl_352_2026_eurio_tavares_censo_das_pessoas_com_tea.pdf","data_ultima_atualizacao":"2026-04-17T10:32:58.049220-04:00","ip":"172.23.1.12","ultima_edicao":"2026-04-17T10:31:33.256786-04:00","tipo":4,"regime_tramitacao":1,"tipo_origem_externa":null,"local_origem_externa":null,"user":224,"anexadas":[],"autores":[271]}