{"id":52537,"__str__":"Projeto de Lei n\u00ba 327 de 2026","metadata":{},"numero":327,"ano":2026,"numero_protocolo":null,"data_apresentacao":"2026-03-13","tipo_apresentacao":"","data_publicacao":null,"numero_origem_externa":"","ano_origem_externa":null,"data_origem_externa":null,"apelido":"","dias_prazo":null,"data_fim_prazo":null,"em_tramitacao":true,"polemica":false,"objeto":"","complementar":false,"ementa":"INSTITUI a inclus\u00e3o de pais e/ou respons\u00e1veis legais de pessoas com Transtorno do Espectro Autista (TEA) na fila preferencial, com ou sem a presen\u00e7a da pessoa com TEA, no \u00e2mbito do Munic\u00edpio de Manaus, e d\u00e1 outras provid\u00eancias.","indexacao":"INSTITUI a inclus\u00e3o de pais e/ou respons\u00e1veis legais de pessoas com Transtorno do Espectro Autista (TEA) na fila preferencial, com ou sem a presen\u00e7a da pessoa com TEA, no \u00e2mbito do Munic\u00edpio de Manaus, e d\u00e1 outras provid\u00eancias.\r\nArt. 1\u00ba Fica institu\u00edda, no \u00e2mbito do Munic\u00edpio de Manaus, a inclus\u00e3o de pais e/ou respons\u00e1veis legais de pessoas com Transtorno do Espectro Autista (TEA) na fila preferencial, ainda que n\u00e3o estejam acompanhados da pessoa com TEA, em estabelecimentos p\u00fablicos e privados que prestem atendimento ao p\u00fablico.","observacao":"","resultado":"","texto_original":"http://sapl.cmm.am.gov.br/media/sapl/public/materialegislativa/2026/52537/pl_327_2026_allan_campelo__pais_de_pessoas_com_tea_na_fila_preferencial_com_ou_sem_a_presenca_da_pessoa_com_tea.pdf","data_ultima_atualizacao":"2026-03-13T11:30:10.036526-04:00","ip":"172.23.0.253","ultima_edicao":"2026-03-13T11:27:43.532657-04:00","tipo":4,"regime_tramitacao":1,"tipo_origem_externa":null,"local_origem_externa":null,"user":101,"anexadas":[],"autores":[133]}