{"id":52501,"__str__":"Projeto de Lei n\u00ba 293 de 2026","metadata":{},"numero":293,"ano":2026,"numero_protocolo":null,"data_apresentacao":"2026-03-09","tipo_apresentacao":"","data_publicacao":null,"numero_origem_externa":"","ano_origem_externa":null,"data_origem_externa":null,"apelido":"","dias_prazo":null,"data_fim_prazo":null,"em_tramitacao":true,"polemica":false,"objeto":"","complementar":false,"ementa":"Declara a m\u00fasica eletr\u00f4nica como manifesta\u00e7\u00e3o cultural e bem de natureza imaterial do patrim\u00f4nio cultural do munic\u00edpio de Manaus.","indexacao":"Declara a m\u00fasica eletr\u00f4nica como manifesta\u00e7\u00e3o cultural e bem de natureza imaterial do patrim\u00f4nio cultural do munic\u00edpio de Manaus.\r\nArt. 1.\u00ba  Fica declarado, como Patrim\u00f4nio Cultural Imaterial do munic\u00edpio de Manaus, o ritmo da M\u00fasica Eletr\u00f4nica.","observacao":"","resultado":"","texto_original":"http://sapl.cmm.am.gov.br/media/sapl/public/materialegislativa/2026/52501/pl_293_2026_dione_carvalho_musica_eletronica_manifestacao_cultural_imaterial_do_pratimonio_cultural.pdf","data_ultima_atualizacao":"2026-03-09T12:27:16.906722-04:00","ip":"172.23.0.159","ultima_edicao":"2026-03-09T12:22:03.430747-04:00","tipo":4,"regime_tramitacao":1,"tipo_origem_externa":null,"local_origem_externa":null,"user":220,"anexadas":[],"autores":[137]}