{"id":52464,"__str__":"Projeto de Lei n\u00ba 257 de 2026","metadata":{},"numero":257,"ano":2026,"numero_protocolo":null,"data_apresentacao":"2026-03-04","tipo_apresentacao":"","data_publicacao":null,"numero_origem_externa":"","ano_origem_externa":null,"data_origem_externa":null,"apelido":"","dias_prazo":null,"data_fim_prazo":null,"em_tramitacao":true,"polemica":false,"objeto":"","complementar":false,"ementa":"CONSIDERA de Utilidade P\u00fablica a Coordena\u00e7\u00e3o dos Povos Ind\u00edgenas de Manaus e Entorno (COPIME).","indexacao":"CONSIDERA de Utilidade P\u00fablica a Coordena\u00e7\u00e3o dos Povos Ind\u00edgenas de Manaus e Entorno (COPIME).\r\nArt. 1. \u00b0 Fica considerado de Utilidade P\u00fablica a Coordena\u00e7\u00e3o dos Povos Ind\u00edgenas de Manaus e Entorno (COPIME), associa\u00e7\u00e3o de fins n\u00e3o econ\u00f4micos de direito privado, sem fins pol\u00edticos e religiosos, inscrita no CNPJ sob o n\u00b0 27.905.010/0001-22, fundada em 23/08/2014, tendo sua sede e foro jur\u00eddico no Munic\u00edpio de Manaus, na avenida Sete de Setembro, 416/ 2\u00ba andar \u2013 Centro, Manaus/AM, CEP. 69.005-141, e-mail: copimemanaus@gmail.com.","observacao":"","resultado":"","texto_original":"http://sapl.cmm.am.gov.br/media/sapl/public/materialegislativa/2026/52464/pl_257_2026_ze_ricardo_utilidade_publica_a_coordenacao_dos_povos_indigenas_de_manaus.pdf","data_ultima_atualizacao":"2026-03-04T10:57:51.890288-04:00","ip":"172.23.0.253","ultima_edicao":"2026-03-04T10:54:14.588086-04:00","tipo":4,"regime_tramitacao":1,"tipo_origem_externa":null,"local_origem_externa":null,"user":101,"anexadas":[],"autores":[212]}