{"id":52447,"__str__":"Projeto de Decreto Legislativo n\u00ba 2 de 2026","metadata":{},"numero":2,"ano":2026,"numero_protocolo":null,"data_apresentacao":"2026-03-03","tipo_apresentacao":"","data_publicacao":null,"numero_origem_externa":"","ano_origem_externa":null,"data_origem_externa":null,"apelido":"","dias_prazo":null,"data_fim_prazo":null,"em_tramitacao":true,"polemica":false,"objeto":"","complementar":false,"ementa":"CONCEDE a Medalha de Ouro Cidade de Manaus ao Senhor Denis Benchimol Minev, diretor-presidente da empresa Bemol.","indexacao":"CONCEDE a Medalha de Ouro Cidade de Manaus ao Senhor Denis Benchimol Minev, diretor-presidente da empresa Bemol.\r\nArt. 1. \u00b0 Fica concedido a Medalha de Ouro Cidade de Manaus ao Senhor Denis Benchimol Minev, com base no art. 173, inciso IV, do Regimento Interno da C\u00e2mara Municipal de Manaus, em reconhecimento \u00e0 sua not\u00e1vel contribui\u00e7\u00e3o para o desenvolvimento econ\u00f4mico, social e sustent\u00e1vel da Amaz\u00f4nia e, de forma especial, para o fortalecimento da cidade de Manaus como polo estrat\u00e9gico de inova\u00e7\u00e3o, neg\u00f3cios e impacto socioambiental.","observacao":"DIAP: Em 23/03/2026: Projeto entrou na pauta para delibera\u00e7\u00e3o, mas n\u00e3o foi deliberado devido \u00e0 aus\u00eancia do autor. Aguarda pr\u00f3xima inclus\u00e3o em pauta.\r\nNO PLEN\u00c1RIO: Na reuni\u00e3o ordin\u00e1ria de 01/04/2026, o Projeto entrou na pauta para delibera\u00e7\u00e3o, mas n\u00e3o foi deliberado devido \u00e0 aus\u00eancia do autor. Aguarda pr\u00f3xima inclus\u00e3o em pauta.\r\nDELIBERA\u00c7\u00c3O: 06/04/2026. \r\nEm 06/04/2026: Segue para an\u00e1lise e emiss\u00e3o de parecer da Comiss\u00e3o Especial de Comendas.\r\nCOMEC: Relator: vereador S\u00e9rgio Bar\u00e9 (08.04.2026 - 20.04.2026). Parecer Favor\u00e1vel.","resultado":"","texto_original":"http://sapl.cmm.am.gov.br/media/sapl/public/materialegislativa/2026/52447/pdl_002_2026_ver_rodrigo_sa_medalha_de_ouro_denis_benchimol.pdf","data_ultima_atualizacao":"2026-04-29T13:24:47.517624-04:00","ip":"172.23.0.249","ultima_edicao":"2026-04-29T13:24:47.073639-04:00","tipo":7,"regime_tramitacao":1,"tipo_origem_externa":null,"local_origem_externa":null,"user":31,"anexadas":[],"autores":[137,139,271,22,142,273,146,149,276,277,47,278,212]}