{"id":52394,"__str__":"Projeto de Lei n\u00ba 189 de 2026","metadata":{},"numero":189,"ano":2026,"numero_protocolo":null,"data_apresentacao":"2026-02-27","tipo_apresentacao":"","data_publicacao":null,"numero_origem_externa":"","ano_origem_externa":null,"data_origem_externa":null,"apelido":"","dias_prazo":null,"data_fim_prazo":null,"em_tramitacao":true,"polemica":false,"objeto":"","complementar":false,"ementa":"INSTITUI o Programa Municipal de Inclus\u00e3o Profissional de Reabilitados \u201cRecome\u00e7o com Dignidade\u201d e cria o Banco de Empregos para Reabilitados, no \u00e2mbito do Munic\u00edpio de Manaus, e d\u00e1 outras provid\u00eancias.","indexacao":"INSTITUI o Programa Municipal de Inclus\u00e3o Profissional de Reabilitados \u201cRecome\u00e7o com Dignidade\u201d e cria o Banco de Empregos para Reabilitados, no \u00e2mbito do Munic\u00edpio de Manaus, e d\u00e1 outras provid\u00eancias.\r\nArt. 1\u00ba Fica institu\u00eddo, no \u00e2mbito do Munic\u00edpio de Manaus, o Programa Municipal de Inclus\u00e3o Profissional de Reabilitados, denominado \u201cRecome\u00e7o com Dignidade\u201d, com o objetivo de promover a reinser\u00e7\u00e3o social e profissional de pessoas em processo de recupera\u00e7\u00e3o ou j\u00e1 reabilitadas da depend\u00eancia qu\u00edmica.","observacao":"","resultado":"","texto_original":"http://sapl.cmm.am.gov.br/media/sapl/public/materialegislativa/2026/52394/pl_189_2026_ver_allan_campelo_inclusao_profissional_de_reabilitados.pdf","data_ultima_atualizacao":"2026-02-27T11:47:29.206640-04:00","ip":"172.23.0.253","ultima_edicao":"2026-02-27T11:44:52.675188-04:00","tipo":4,"regime_tramitacao":1,"tipo_origem_externa":null,"local_origem_externa":null,"user":101,"anexadas":[],"autores":[133]}