{"id":52337,"__str__":"Projeto de Decreto Legislativo n\u00ba 1 de 2026","metadata":{},"numero":1,"ano":2026,"numero_protocolo":null,"data_apresentacao":"2026-02-25","tipo_apresentacao":"","data_publicacao":null,"numero_origem_externa":"","ano_origem_externa":null,"data_origem_externa":null,"apelido":"","dias_prazo":null,"data_fim_prazo":null,"em_tramitacao":false,"polemica":false,"objeto":"","complementar":false,"ementa":"CONCEDE  o  Diploma de Cidad\u00e3o de  Manaus  ao  Senhor  Andr\u00e9 Luiz Pereira da Silva e d\u00e1 outras provid\u00eancias.","indexacao":"CONCEDE  o  Diploma de Cidad\u00e3o de  Manaus  ao  Senhor  Andr\u00e9 Luiz Pereira da Silva e d\u00e1 outras provid\u00eancias.\r\nArt.  1.\u00b0  Fica concedido o  Diploma de Cidad\u00e3o de Manaus  ao Senhor  Andr\u00e9 Luiz Pereira da Silva , com base no art. 17 3 , inciso I II , do Regimento Interno da C\u00e2mara Municipal de Manaus, pelos relevantes servi\u00e7os prestados \u00e0 sociedade manauara.\r\nComec: Relator ver. Rosivaldo Cordovil (17/03/2026 - 25/03/2026). Parecer favor\u00e1vel. Aprovado o parecer favor\u00e1vel, pela totalidade dos presentes, na reuni\u00e3o ordin\u00e1ria do dia 17/03/2026.","observacao":"DELIBERA\u00c7\u00c3O: 16/03/2026. \r\nEm 16/03/2026: Segue para an\u00e1lise e emiss\u00e3o de parecer da Comiss\u00e3o Especial de Comendas.\r\nCOMEC: Relator: Ver. Rosivaldo Cordovil (17/03/2026-24/03/2026). Parecer Favor\u00e1vel. Aprovado o parecer favor\u00e1vel, por unanimidade dos membros, na reuni\u00e3o ordin\u00e1ria do dia 17/03/2026.\r\nNo PLEN\u00c1RIO: Na reuni\u00e3o extraordin\u00e1ria do dia 18/03/2026, foi aprovado o parecer favor\u00e1vel da Comiss\u00e3o Especial de Comendas. Projeto APROVADO em Discuss\u00e3o \u00danica e PROMULGADO.","resultado":"","texto_original":"http://sapl.cmm.am.gov.br/media/sapl/public/materialegislativa/2026/52337/pdl_001_2026_ver_ivo_neto_cidadao_de_manaus_andre_luiz.pdf","data_ultima_atualizacao":"2026-03-18T16:23:53.236105-04:00","ip":"172.23.4.204","ultima_edicao":"2026-03-18T16:23:15.901343-04:00","tipo":7,"regime_tramitacao":1,"tipo_origem_externa":null,"local_origem_externa":null,"user":13,"anexadas":[],"autores":[269,133,140,270,13,137,147,139,271,4,10,141,22,142,272,144,29,273,274,275,49,46,276,277,47,278,279,280]}