{"id":52204,"__str__":"Projeto de Lei n\u00ba 2 de 2026","metadata":{},"numero":2,"ano":2026,"numero_protocolo":null,"data_apresentacao":"2026-02-09","tipo_apresentacao":"","data_publicacao":null,"numero_origem_externa":"","ano_origem_externa":null,"data_origem_externa":null,"apelido":"","dias_prazo":null,"data_fim_prazo":null,"em_tramitacao":true,"polemica":false,"objeto":"","complementar":false,"ementa":"ALTERA  a Lei n\u00ba 1.535, de 29 de novembro de 2010, para instituir a Pol\u00edtica Municipal de Fomento e Complementa\u00e7\u00e3o \u00e0 Aten\u00e7\u00e3o da Pessoa com Esclerose M\u00faltipla no Munic\u00edpio de Manaus, e d\u00e1 outras provid\u00eancias.","indexacao":"ALTERA  a Lei n\u00ba 1.535, de 29 de novembro de 2010, para instituir a Pol\u00edtica Municipal de Fomento e Complementa\u00e7\u00e3o \u00e0 Aten\u00e7\u00e3o da Pessoa com Esclerose M\u00faltipla no Munic\u00edpio de Manaus, e d\u00e1 outras provid\u00eancias.\r\nArt. 1\u00ba A Lei n\u00ba 1.535, de 29 de novembro de 2010, passa a vigorar com as  seguintes  reda\u00e7\u00f5es: Fica institu\u00edda, no \u00e2mbito do Munic\u00edpio de Manaus, a Pol\u00edtica Municipal de Fomento e Complementa\u00e7\u00e3o \u00e0 Aten\u00e7\u00e3o da Pessoa com Esclerose M\u00faltipla, que tem como um de seus instrumentos a Semana Municipal de Preven\u00e7\u00e3o e Informa\u00e7\u00e3o sobre Esclerose M\u00faltipla, a ser realizada, anualmente, no dia 30 de agosto, data em que se comemora o Dia Nacional da Conscientiza\u00e7\u00e3o da Esclerose M\u00faltipla. \r\nPar\u00e1grafo \u00fanico. A Pol\u00edtica Municipal e a Semana de que trata este artigo ser\u00e3o inclu\u00eddas no calend\u00e1rio oficial do Munic\u00edpio.","observacao":"DELIBERA\u00c7\u00c3O: 23/02/2026. \r\nEm 23/02/2026: Segue para an\u00e1lise e emiss\u00e3o de parecer da 2a. CCJR.\r\nPROCURADORIA LEGISLATIVA: (26/02/2026 - 04/03/2026).","resultado":"","texto_original":"http://sapl.cmm.am.gov.br/media/sapl/public/materialegislativa/2026/52204/pl_002_2026_ver__eurico_tavares_atenca_a_pessoa_com_escoliose.pdf","data_ultima_atualizacao":"2026-02-26T09:47:03.001049-04:00","ip":"172.23.0.226","ultima_edicao":"2026-02-26T09:46:30.786529-04:00","tipo":4,"regime_tramitacao":1,"tipo_origem_externa":null,"local_origem_externa":null,"user":208,"anexadas":[],"autores":[271]}