{"id":52143,"__str__":"Projeto de Lei n\u00ba 797 de 2025","metadata":{},"numero":797,"ano":2025,"numero_protocolo":null,"data_apresentacao":"2025-11-26","tipo_apresentacao":"","data_publicacao":null,"numero_origem_externa":"","ano_origem_externa":null,"data_origem_externa":null,"apelido":"","dias_prazo":null,"data_fim_prazo":null,"em_tramitacao":false,"polemica":false,"objeto":"","complementar":false,"ementa":"INSTITUI o Censo Municipal das Pessoas com Transtorno do Espectro Autista (TEA) e de outras Pessoas At\u00edpicas no Munic\u00edpio de Manaus e d\u00e1 outras provid\u00eancias.","indexacao":"INSTITUI o Censo Municipal das Pessoas com Transtorno do Espectro Autista (TEA) e de outras Pessoas At\u00edpicas no Munic\u00edpio de Manaus e d\u00e1 outras provid\u00eancias.\r\nArt. 1\u00ba Fica institu\u00eddo, no \u00e2mbito do Munic\u00edpio de Manaus, o Censo Municipal das Pessoas com Transtorno do Espectro Autista (TEA) e de outras Pessoas At\u00edpicas, com o objetivo prec\u00edpuo de identificar, mapear e produzir dados quantitativos e qualitativos atualizados sobre o perfil socioecon\u00f4mico, demogr\u00e1fico, educacional, de sa\u00fade, laboral e territorial dessas popula\u00e7\u00f5es, visando \u00e0 promo\u00e7\u00e3o da inclus\u00e3o plena, \u00e0 garantia de direitos e \u00e0 melhoria da qualidade de vida no contexto municipal.","observacao":"PROJETO ARQUIVADO por n\u00e3o ter sito deliberado na Sess\u00e3o Legislativa de 2025.","resultado":"","texto_original":"http://sapl.cmm.am.gov.br/media/sapl/public/materialegislativa/2025/52143/pl_797_2025_eurico_tavares_censo_de_pessoas_com_tea.pdf","data_ultima_atualizacao":"2026-01-08T13:02:47.236116-04:00","ip":"172.23.4.188","ultima_edicao":"2026-01-08T13:02:36.600676-04:00","tipo":4,"regime_tramitacao":1,"tipo_origem_externa":null,"local_origem_externa":null,"user":13,"anexadas":[],"autores":[271]}