{"id":52080,"__str__":"Projeto de Lei n\u00ba 739 de 2025","metadata":{},"numero":739,"ano":2025,"numero_protocolo":null,"data_apresentacao":"2025-11-07","tipo_apresentacao":"","data_publicacao":null,"numero_origem_externa":"","ano_origem_externa":null,"data_origem_externa":null,"apelido":"","dias_prazo":null,"data_fim_prazo":null,"em_tramitacao":false,"polemica":false,"objeto":"","complementar":false,"ementa":"DISP\u00d5E sobre a cria\u00e7\u00e3o do \u201cPrograma Municipal Mulher Afro e Ind\u00edgena em Foco\u201d, destinado \u00e0 valoriza\u00e7\u00e3o, empoderamento e promo\u00e7\u00e3o da igualdade\r\nde oportunidades para mulheres negras e ind\u00edgenas no Munic\u00edpio de Manaus, e d\u00e1 outras provid\u00eancias.","indexacao":"DISP\u00d5E sobre a cria\u00e7\u00e3o do \u201cPrograma Municipal Mulher Afro e Ind\u00edgena em Foco\u201d, destinado \u00e0 valoriza\u00e7\u00e3o, empoderamento e promo\u00e7\u00e3o da igualdade\r\nde oportunidades para mulheres negras e ind\u00edgenas no Munic\u00edpio de Manaus, e d\u00e1 outras provid\u00eancias.\r\nArt. 1\u00ba Fica institu\u00eddo, no \u00e2mbito do Munic\u00edpio de Manaus, o Programa Municipal Mulher Afro e Ind\u00edgena em Foco, com o objetivo de promover pol\u00edticas p\u00fablicas voltadas \u00e0 valoriza\u00e7\u00e3o, fortalecimento e inclus\u00e3o social e econ\u00f4mica das mulheres negras e ind\u00edgenas.","observacao":"PROJETO ARQUIVADO por n\u00e3o ter sito deliberado na Sess\u00e3o Legislativa de 2025.","resultado":"","texto_original":"http://sapl.cmm.am.gov.br/media/sapl/public/materialegislativa/2025/52080/pl_739_2025_allan_campelo_programa_mulher_afro_e_indigena.pdf","data_ultima_atualizacao":"2026-01-08T12:06:44.942556-04:00","ip":"172.23.4.188","ultima_edicao":"2026-01-08T12:06:19.943929-04:00","tipo":4,"regime_tramitacao":1,"tipo_origem_externa":null,"local_origem_externa":null,"user":13,"anexadas":[],"autores":[133]}