{"id":52077,"__str__":"Projeto de Resolu\u00e7\u00e3o n\u00ba 20 de 2025","metadata":{},"numero":20,"ano":2025,"numero_protocolo":null,"data_apresentacao":"2025-11-04","tipo_apresentacao":"","data_publicacao":null,"numero_origem_externa":"","ano_origem_externa":null,"data_origem_externa":null,"apelido":"","dias_prazo":null,"data_fim_prazo":null,"em_tramitacao":true,"polemica":false,"objeto":"","complementar":false,"ementa":"ALTERA dispositivos do Anexo \u00danico da Resolu\u00e7\u00e3o n. 092, de 9 de dezembro de 2015 (Regimento Interno da C\u00e2mara Municipal de Manaus).","indexacao":"ALTERA dispositivos do Anexo \u00danico da Resolu\u00e7\u00e3o n. 092, de 9 de dezembro de 2015 (Regimento Interno da C\u00e2mara Municipal de Manaus).\r\nArt. 1.\u00b0 Ficam alterados os seguintes dispositivos do Regimento Interno da C\u00e2mara Municipal de Manaus, que passam a vigorar com as seguintes reda\u00e7\u00f5es:\r\nI\t\u2013 Insere, no art. 2.\u00ba, o inciso IV, \u00a7 1.\u00ba, I e II, \u00a72.\u00ba, I e II, \u00a73.\u00ba e \u00a74.\u00ba:","observacao":"DELIBERA\u00c7\u00c3O: 05/11/2023. \r\nEm 05/11/2023. Segue para an\u00e1lise e emiss\u00e3o de parecer da 2a. CCJR.\r\n2a CCJR: Relator: Eduardo Alfaia. Parecer Favor\u00e1vel. Aprovado o parecer favor\u00e1vel, pela totalidade dos presentes, na reuni\u00e3o extraordin\u00e1ria do dia 05/11/2025.\r\nPara aprova\u00e7\u00e3o do parecer da 2\u00aa Comiss\u00e3o.\r\nNo PLEN\u00c1RIO: Na reuni\u00e3o ordin\u00e1ria do dia 10/11/2025, o projeto entrou em pauta para aprova\u00e7\u00e3o do parecer da 2a. Comiss\u00e3o. Vota\u00e7\u00e3o suspensa por pedido de vista ao projeto concedido aos Vereadores RODRIGO GUEDES, EDUARDO ALFAIA e JAILDO OLIVEIRA. (Prazo: 10 a 12/11/2025, \u00e0s 12:15h)\r\nNo PLEN\u00c1RIO: Na reuni\u00e3o ordin\u00e1ria do dia 17/11/2025, foi aprovado o parecer favor\u00e1vel da 2\u00aa Comiss\u00e3o. Projeto aprovado em 1a. discuss\u00e3o. Aguardando 2a. discuss\u00e3o na forma da lei.\r\n\r\n*PEDIDO DE VISTA:\r\n1\u00ba pedido: Ver. RODRIGO GUEDES. (Prazo: 10 a 12/11/2025, \u00e0s 12:15h).\r\n2\u00ba pedido: Ver. EDUARDO ALFAIA (Prazo: 10 a 12/11/2025, \u00e0s 12:15h).\r\n3\u00ba pedido: Ver. JAILDO OLIVEIRA (Prazo: 10 a 12/11/2025, \u00e0s 12:15h).","resultado":"","texto_original":"http://sapl.cmm.am.gov.br/media/sapl/public/materialegislativa/2025/52077/pr_020_2025_mesa_diretora_altera_regimento_interno.._1.pdf","data_ultima_atualizacao":"2025-11-17T18:34:00.669639-04:00","ip":"191.189.17.155","ultima_edicao":"2025-11-17T18:32:52.280481-04:00","tipo":5,"regime_tramitacao":1,"tipo_origem_externa":null,"local_origem_externa":null,"user":13,"anexadas":[],"autores":[122]}